{"id":9375,"date":"2026-05-22T10:52:32","date_gmt":"2026-05-22T08:52:32","guid":{"rendered":"https:\/\/articmusica.com\/?p=9375"},"modified":"2026-06-25T12:12:19","modified_gmt":"2026-06-25T10:12:19","slug":"los-beatles-en-el-artico","status":"publish","type":"post","link":"https:\/\/articmusica.com\/es\/els-beatles-a-lartic\/","title":{"rendered":"CONCIERTO de alumnos 2026"},"content":{"rendered":"<h2 class=\"wp-block-heading\"><\/h2>\n\n\n\n<p class=\"wp-block-paragraph\">El s\u00e1bado pasado presentamos, finalmente, el concierto <strong>Los Beatles en \u00c0rtic<\/strong>, la culminaci\u00f3n visible de todo el trabajo que hemos ido haciendo en la escuela a lo largo de este curso. Lo vivimos con mucha ilusi\u00f3n y emoci\u00f3n.<\/p>\n\n\n\n<p class=\"wp-block-paragraph\">La m\u00fasica de Paul, George, Ringo y John ha llenado las aulas y ha sido el hilo conductor de muchos de los contenidos trabajados durante estos meses. Ha sido un proyecto intenso, creativo y muy enriquecedor, que nos ha permitido aprender, compartir y disfrutar juntos.<\/p>\n\n\n\n<p class=\"wp-block-paragraph\">Estamos muy orgullosas del trabajo realizado por todo el alumnado y de todo lo que han aprendido durante este camino. \u00a1Muchas felicidades a todos!<\/p>\n\n\n\n<p class=\"wp-block-paragraph\"><\/p>","protected":false},"excerpt":{"rendered":"<p>Dissabte passat vam presentar, finalment, el concert Beatles a l\u2019\u00c0rtic, la culminaci\u00f3 visible de tota la feina que hem anat fent a l\u2019escola al llarg d\u2019aquest curs. Ho vam viure amb molta il\u00b7lusi\u00f3 i emoci\u00f3. La m\u00fasica d\u2019en Paul, en George, en Ringo i en John ha omplert les aules i ha estat el fil [&hellip;]<\/p>\n","protected":false},"author":4,"featured_media":9377,"comment_status":"closed","ping_status":"closed","sticky":false,"template":"","format":"standard","meta":{"footnotes":""},"categories":[1],"tags":[],"class_list":["post-9375","post","type-post","status-publish","format-standard","has-post-thumbnail","hentry","category-uncategorized-ca"],"yoast_head":"<!-- This site is optimized with the Yoast SEO plugin v27.5 - https:\/\/yoast.com\/product\/yoast-seo-wordpress\/ -->\n<title>CONCERT d&#039;alumnes 2026 - \u00c0rtic - Escola de M\u00fasica<\/title>\n<meta name=\"robots\" content=\"index, follow, max-snippet:-1, max-image-preview:large, max-video-preview:-1\" \/>\n<link rel=\"canonical\" href=\"https:\/\/articmusica.com\/es\/los-beatles-en-el-artico\/\" \/>\n<meta property=\"og:locale\" content=\"es_ES\" \/>\n<meta property=\"og:type\" content=\"article\" \/>\n<meta property=\"og:title\" content=\"CONCERT d&#039;alumnes 2026 - \u00c0rtic - Escola de M\u00fasica\" \/>\n<meta property=\"og:description\" content=\"Dissabte passat vam presentar, finalment, el concert Beatles a l\u2019\u00c0rtic, la culminaci\u00f3 visible de tota la feina que hem anat fent a l\u2019escola al llarg d\u2019aquest curs. Ho vam viure amb molta il\u00b7lusi\u00f3 i emoci\u00f3. La m\u00fasica d\u2019en Paul, en George, en Ringo i en John ha omplert les aules i ha estat el fil [&hellip;]\" \/>\n<meta property=\"og:url\" content=\"https:\/\/articmusica.com\/es\/los-beatles-en-el-artico\/\" \/>\n<meta property=\"og:site_name\" content=\"\u00c0rtic - Escola de M\u00fasica\" \/>\n<meta property=\"article:published_time\" content=\"2026-05-22T08:52:32+00:00\" \/>\n<meta property=\"article:modified_time\" content=\"2026-06-25T10:12:19+00:00\" \/>\n<meta property=\"og:image\" content=\"https:\/\/articmusica.com\/wp-content\/uploads\/2026\/05\/WhatsApp-Image-2026-05-22-at-10.50.07.jpeg\" \/>\n\t<meta property=\"og:image:width\" content=\"1595\" \/>\n\t<meta property=\"og:image:height\" content=\"1600\" \/>\n\t<meta property=\"og:image:type\" content=\"image\/jpeg\" \/>\n<meta name=\"author\" content=\"Artic Musica\" \/>\n<meta name=\"twitter:card\" content=\"summary_large_image\" \/>\n<meta name=\"twitter:label1\" content=\"Escrito por\" \/>\n\t<meta name=\"twitter:data1\" content=\"Artic Musica\" \/>\n\t<meta name=\"twitter:label2\" content=\"Tiempo de lectura\" \/>\n\t<meta name=\"twitter:data2\" content=\"1 minuto\" \/>\n<script type=\"application\/ld+json\" class=\"yoast-schema-graph\">{\"@context\":\"https:\\\/\\\/schema.org\",\"@graph\":[{\"@type\":\"Article\",\"@id\":\"https:\\\/\\\/articmusica.com\\\/els-beatles-a-lartic\\\/#article\",\"isPartOf\":{\"@id\":\"https:\\\/\\\/articmusica.com\\\/els-beatles-a-lartic\\\/\"},\"author\":{\"name\":\"Artic Musica\",\"@id\":\"https:\\\/\\\/articmusica.com\\\/#\\\/schema\\\/person\\\/d26287756f658c77ba886c7a07f0a2a3\"},\"headline\":\"CONCERT d&#8217;alumnes 2026\",\"datePublished\":\"2026-05-22T08:52:32+00:00\",\"dateModified\":\"2026-06-25T10:12:19+00:00\",\"mainEntityOfPage\":{\"@id\":\"https:\\\/\\\/articmusica.com\\\/els-beatles-a-lartic\\\/\"},\"wordCount\":118,\"image\":{\"@id\":\"https:\\\/\\\/articmusica.com\\\/els-beatles-a-lartic\\\/#primaryimage\"},\"thumbnailUrl\":\"https:\\\/\\\/articmusica.com\\\/wp-content\\\/uploads\\\/2026\\\/05\\\/WhatsApp-Image-2026-05-22-at-10.50.07.jpeg\",\"articleSection\":[\"Uncategorized @ca\"],\"inLanguage\":\"es\"},{\"@type\":\"WebPage\",\"@id\":\"https:\\\/\\\/articmusica.com\\\/els-beatles-a-lartic\\\/\",\"url\":\"https:\\\/\\\/articmusica.com\\\/els-beatles-a-lartic\\\/\",\"name\":\"CONCERT d'alumnes 2026 - \u00c0rtic - Escola de M\u00fasica\",\"isPartOf\":{\"@id\":\"https:\\\/\\\/articmusica.com\\\/#website\"},\"primaryImageOfPage\":{\"@id\":\"https:\\\/\\\/articmusica.com\\\/els-beatles-a-lartic\\\/#primaryimage\"},\"image\":{\"@id\":\"https:\\\/\\\/articmusica.com\\\/els-beatles-a-lartic\\\/#primaryimage\"},\"thumbnailUrl\":\"https:\\\/\\\/articmusica.com\\\/wp-content\\\/uploads\\\/2026\\\/05\\\/WhatsApp-Image-2026-05-22-at-10.50.07.jpeg\",\"datePublished\":\"2026-05-22T08:52:32+00:00\",\"dateModified\":\"2026-06-25T10:12:19+00:00\",\"author\":{\"@id\":\"https:\\\/\\\/articmusica.com\\\/#\\\/schema\\\/person\\\/d26287756f658c77ba886c7a07f0a2a3\"},\"breadcrumb\":{\"@id\":\"https:\\\/\\\/articmusica.com\\\/els-beatles-a-lartic\\\/#breadcrumb\"},\"inLanguage\":\"es\",\"potentialAction\":[{\"@type\":\"ReadAction\",\"target\":[\"https:\\\/\\\/articmusica.com\\\/els-beatles-a-lartic\\\/\"]}]},{\"@type\":\"ImageObject\",\"inLanguage\":\"es\",\"@id\":\"https:\\\/\\\/articmusica.com\\\/els-beatles-a-lartic\\\/#primaryimage\",\"url\":\"https:\\\/\\\/articmusica.com\\\/wp-content\\\/uploads\\\/2026\\\/05\\\/WhatsApp-Image-2026-05-22-at-10.50.07.jpeg\",\"contentUrl\":\"https:\\\/\\\/articmusica.com\\\/wp-content\\\/uploads\\\/2026\\\/05\\\/WhatsApp-Image-2026-05-22-at-10.50.07.jpeg\",\"width\":1595,\"height\":1600},{\"@type\":\"BreadcrumbList\",\"@id\":\"https:\\\/\\\/articmusica.com\\\/els-beatles-a-lartic\\\/#breadcrumb\",\"itemListElement\":[{\"@type\":\"ListItem\",\"position\":1,\"name\":\"Inici\",\"item\":\"https:\\\/\\\/articmusica.com\\\/\"},{\"@type\":\"ListItem\",\"position\":2,\"name\":\"CONCERT d&#8217;alumnes 2026\"}]},{\"@type\":\"WebSite\",\"@id\":\"https:\\\/\\\/articmusica.com\\\/#website\",\"url\":\"https:\\\/\\\/articmusica.com\\\/\",\"name\":\"\u00c0rtic - Escola de M\u00fasica\",\"description\":\"\",\"potentialAction\":[{\"@type\":\"SearchAction\",\"target\":{\"@type\":\"EntryPoint\",\"urlTemplate\":\"https:\\\/\\\/articmusica.com\\\/?s={search_term_string}\"},\"query-input\":{\"@type\":\"PropertyValueSpecification\",\"valueRequired\":true,\"valueName\":\"search_term_string\"}}],\"inLanguage\":\"es\"},{\"@type\":\"Person\",\"@id\":\"https:\\\/\\\/articmusica.com\\\/#\\\/schema\\\/person\\\/d26287756f658c77ba886c7a07f0a2a3\",\"name\":\"Artic Musica\",\"image\":{\"@type\":\"ImageObject\",\"inLanguage\":\"es\",\"@id\":\"https:\\\/\\\/secure.gravatar.com\\\/avatar\\\/5aa29f1e2e021fdb532f841ee2b48827ad121536be380774bfad2d2623a18ecd?s=96&d=mm&r=g\",\"url\":\"https:\\\/\\\/secure.gravatar.com\\\/avatar\\\/5aa29f1e2e021fdb532f841ee2b48827ad121536be380774bfad2d2623a18ecd?s=96&d=mm&r=g\",\"contentUrl\":\"https:\\\/\\\/secure.gravatar.com\\\/avatar\\\/5aa29f1e2e021fdb532f841ee2b48827ad121536be380774bfad2d2623a18ecd?s=96&d=mm&r=g\",\"caption\":\"Artic Musica\"},\"sameAs\":[\"https:\\\/\\\/articmusica.com\"],\"url\":\"https:\\\/\\\/articmusica.com\\\/es\\\/author\\\/articmusica\\\/\"}]}<\/script>\n<!-- \/ Yoast SEO plugin. -->","yoast_head_json":{"title":"Concierto de los alumnos de 2026 - \u00c0rtic - Escuela de M\u00fasica","robots":{"index":"index","follow":"follow","max-snippet":"max-snippet:-1","max-image-preview":"max-image-preview:large","max-video-preview":"max-video-preview:-1"},"canonical":"https:\/\/articmusica.com\/es\/los-beatles-en-el-artico\/","og_locale":"es_ES","og_type":"article","og_title":"CONCERT d'alumnes 2026 - \u00c0rtic - Escola de M\u00fasica","og_description":"Dissabte passat vam presentar, finalment, el concert Beatles a l\u2019\u00c0rtic, la culminaci\u00f3 visible de tota la feina que hem anat fent a l\u2019escola al llarg d\u2019aquest curs. Ho vam viure amb molta il\u00b7lusi\u00f3 i emoci\u00f3. La m\u00fasica d\u2019en Paul, en George, en Ringo i en John ha omplert les aules i ha estat el fil [&hellip;]","og_url":"https:\/\/articmusica.com\/es\/los-beatles-en-el-artico\/","og_site_name":"\u00c0rtic - Escola de M\u00fasica","article_published_time":"2026-05-22T08:52:32+00:00","article_modified_time":"2026-06-25T10:12:19+00:00","og_image":[{"width":1595,"height":1600,"url":"https:\/\/articmusica.com\/wp-content\/uploads\/2026\/05\/WhatsApp-Image-2026-05-22-at-10.50.07.jpeg","type":"image\/jpeg"}],"author":"Artic Musica","twitter_card":"summary_large_image","twitter_misc":{"Escrito por":"Artic Musica","Tiempo de lectura":"1 minuto"},"schema":{"@context":"https:\/\/schema.org","@graph":[{"@type":"Article","@id":"https:\/\/articmusica.com\/els-beatles-a-lartic\/#article","isPartOf":{"@id":"https:\/\/articmusica.com\/els-beatles-a-lartic\/"},"author":{"name":"Artic Musica","@id":"https:\/\/articmusica.com\/#\/schema\/person\/d26287756f658c77ba886c7a07f0a2a3"},"headline":"CONCERT d&#8217;alumnes 2026","datePublished":"2026-05-22T08:52:32+00:00","dateModified":"2026-06-25T10:12:19+00:00","mainEntityOfPage":{"@id":"https:\/\/articmusica.com\/els-beatles-a-lartic\/"},"wordCount":118,"image":{"@id":"https:\/\/articmusica.com\/els-beatles-a-lartic\/#primaryimage"},"thumbnailUrl":"https:\/\/articmusica.com\/wp-content\/uploads\/2026\/05\/WhatsApp-Image-2026-05-22-at-10.50.07.jpeg","articleSection":["Uncategorized @ca"],"inLanguage":"es"},{"@type":"WebPage","@id":"https:\/\/articmusica.com\/els-beatles-a-lartic\/","url":"https:\/\/articmusica.com\/els-beatles-a-lartic\/","name":"Concierto de los alumnos de 2026 - \u00c0rtic - Escuela de M\u00fasica","isPartOf":{"@id":"https:\/\/articmusica.com\/#website"},"primaryImageOfPage":{"@id":"https:\/\/articmusica.com\/els-beatles-a-lartic\/#primaryimage"},"image":{"@id":"https:\/\/articmusica.com\/els-beatles-a-lartic\/#primaryimage"},"thumbnailUrl":"https:\/\/articmusica.com\/wp-content\/uploads\/2026\/05\/WhatsApp-Image-2026-05-22-at-10.50.07.jpeg","datePublished":"2026-05-22T08:52:32+00:00","dateModified":"2026-06-25T10:12:19+00:00","author":{"@id":"https:\/\/articmusica.com\/#\/schema\/person\/d26287756f658c77ba886c7a07f0a2a3"},"breadcrumb":{"@id":"https:\/\/articmusica.com\/els-beatles-a-lartic\/#breadcrumb"},"inLanguage":"es","potentialAction":[{"@type":"ReadAction","target":["https:\/\/articmusica.com\/els-beatles-a-lartic\/"]}]},{"@type":"ImageObject","inLanguage":"es","@id":"https:\/\/articmusica.com\/els-beatles-a-lartic\/#primaryimage","url":"https:\/\/articmusica.com\/wp-content\/uploads\/2026\/05\/WhatsApp-Image-2026-05-22-at-10.50.07.jpeg","contentUrl":"https:\/\/articmusica.com\/wp-content\/uploads\/2026\/05\/WhatsApp-Image-2026-05-22-at-10.50.07.jpeg","width":1595,"height":1600},{"@type":"BreadcrumbList","@id":"https:\/\/articmusica.com\/els-beatles-a-lartic\/#breadcrumb","itemListElement":[{"@type":"ListItem","position":1,"name":"Inici","item":"https:\/\/articmusica.com\/"},{"@type":"ListItem","position":2,"name":"CONCERT d&#8217;alumnes 2026"}]},{"@type":"WebSite","@id":"https:\/\/articmusica.com\/#website","url":"https:\/\/articmusica.com\/","name":"\u00c0rtic - Escuela de M\u00fasica","description":"","potentialAction":[{"@type":"SearchAction","target":{"@type":"EntryPoint","urlTemplate":"https:\/\/articmusica.com\/?s={search_term_string}"},"query-input":{"@type":"PropertyValueSpecification","valueRequired":true,"valueName":"search_term_string"}}],"inLanguage":"es"},{"@type":"Person","@id":"https:\/\/articmusica.com\/#\/schema\/person\/d26287756f658c77ba886c7a07f0a2a3","name":"M\u00fasica \u00c1rtica","image":{"@type":"ImageObject","inLanguage":"es","@id":"https:\/\/secure.gravatar.com\/avatar\/5aa29f1e2e021fdb532f841ee2b48827ad121536be380774bfad2d2623a18ecd?s=96&d=mm&r=g","url":"https:\/\/secure.gravatar.com\/avatar\/5aa29f1e2e021fdb532f841ee2b48827ad121536be380774bfad2d2623a18ecd?s=96&d=mm&r=g","contentUrl":"https:\/\/secure.gravatar.com\/avatar\/5aa29f1e2e021fdb532f841ee2b48827ad121536be380774bfad2d2623a18ecd?s=96&d=mm&r=g","caption":"Artic Musica"},"sameAs":["https:\/\/articmusica.com"],"url":"https:\/\/articmusica.com\/es\/author\/articmusica\/"}]}},"_links":{"self":[{"href":"https:\/\/articmusica.com\/es\/wp-json\/wp\/v2\/posts\/9375","targetHints":{"allow":["GET"]}}],"collection":[{"href":"https:\/\/articmusica.com\/es\/wp-json\/wp\/v2\/posts"}],"about":[{"href":"https:\/\/articmusica.com\/es\/wp-json\/wp\/v2\/types\/post"}],"author":[{"embeddable":true,"href":"https:\/\/articmusica.com\/es\/wp-json\/wp\/v2\/users\/4"}],"replies":[{"embeddable":true,"href":"https:\/\/articmusica.com\/es\/wp-json\/wp\/v2\/comments?post=9375"}],"version-history":[{"count":8,"href":"https:\/\/articmusica.com\/es\/wp-json\/wp\/v2\/posts\/9375\/revisions"}],"predecessor-version":[{"id":9402,"href":"https:\/\/articmusica.com\/es\/wp-json\/wp\/v2\/posts\/9375\/revisions\/9402"}],"wp:featuredmedia":[{"embeddable":true,"href":"https:\/\/articmusica.com\/es\/wp-json\/wp\/v2\/media\/9377"}],"wp:attachment":[{"href":"https:\/\/articmusica.com\/es\/wp-json\/wp\/v2\/media?parent=9375"}],"wp:term":[{"taxonomy":"category","embeddable":true,"href":"https:\/\/articmusica.com\/es\/wp-json\/wp\/v2\/categories?post=9375"},{"taxonomy":"post_tag","embeddable":true,"href":"https:\/\/articmusica.com\/es\/wp-json\/wp\/v2\/tags?post=9375"}],"curies":[{"name":"wp","href":"https:\/\/api.w.org\/{rel}","templated":true}]}}