{"id":764,"date":"2023-06-15T08:00:34","date_gmt":"2023-06-15T08:00:34","guid":{"rendered":"https:\/\/articmusica.com\/?p=764"},"modified":"2026-02-06T12:13:27","modified_gmt":"2026-02-06T11:13:27","slug":"la-pequena-galeria-de-monstruos","status":"publish","type":"post","link":"https:\/\/articmusica.com\/es\/la-petita-galeria-dels-monstres\/","title":{"rendered":"LA PEQUE\u00d1A GALER\u00cdA DE LOS MONSTRUOS"},"content":{"rendered":"<p><strong>CONCIERTO DE \u00c0RTIC<\/strong><\/p>\n<p><strong>Viernes, 16 de Junio a las 18h<\/strong><br \/>\n<strong>Espacio Putxet<\/strong><\/p>\n<p><img fetchpriority=\"high\" decoding=\"async\" class=\"alignnone wp-image-740\" src=\"https:\/\/articmusica.com\/wp-content\/uploads\/2025\/12\/1-darrera-300x295.jpg\" alt=\"\" width=\"277\" height=\"272\" \/><img decoding=\"async\" class=\"alignnone wp-image-738\" src=\"https:\/\/articmusica.com\/wp-content\/uploads\/2025\/12\/3-zombie-300x295.jpg\" alt=\"\" width=\"278\" height=\"273\" \/><img decoding=\"async\" class=\"alignnone wp-image-739\" src=\"https:\/\/articmusica.com\/wp-content\/uploads\/2025\/12\/2-esquelet-300x295.jpg\" alt=\"\" width=\"278\" height=\"273\" \/><\/p>\n<p><em><strong>LA GALER\u00cdA DE LOS MONSTRUOS<\/strong> es el resultado del proyecto creativo del curso en el \u00c1rtico. En este proyecto, tanto los alumnos de c\u00f3digos como los de coraz\u00f3n utilizan los contenidos espec\u00edficos de sus asignaturas y les ponen en un contexto esc\u00e9nico, donde se trabaja el aspecto musical no solo desde un punto de vista de lenguaje musical sino intentando convertir los contenidos de clase en un material art\u00edstico a trav\u00e9s de un proyecto conjunto.<\/em><\/p>\n<p><em>La propuesta de programaci\u00f3n de este curso gira en torno a la m\u00fasica pop y los zombis. A partir del trabajo conjunto del equipo de c\u00f3digos fueron surgiendo ideas que, modeladas en las clases, se han ido transformando en esta galer\u00eda de monstruos musicales que no pod\u00edamos dejaros sin conocer.<\/em><\/p>\n<p><img loading=\"lazy\" decoding=\"async\" class=\"alignnone wp-image-737\" src=\"https:\/\/articmusica.com\/wp-content\/uploads\/2025\/12\/4-famos-300x295.jpg\" alt=\"\" width=\"283\" height=\"278\" \/><img loading=\"lazy\" decoding=\"async\" class=\"alignnone wp-image-735\" src=\"https:\/\/articmusica.com\/wp-content\/uploads\/2025\/12\/6-diva-300x295.jpg\" alt=\"\" width=\"284\" height=\"279\" \/><img loading=\"lazy\" decoding=\"async\" class=\"alignnone wp-image-736\" src=\"https:\/\/articmusica.com\/wp-content\/uploads\/2025\/12\/5-consumisme-300x295.jpg\" alt=\"\" width=\"285\" height=\"280\" \/><\/p>\n<ul>\n<li><strong>Detr\u00e1s del monstruo<\/strong> (Thriller, M. Jackson)<\/li>\n<li><strong>El monstruo debajo de la cama<\/strong> (Esp\u00edritus y fantasmas, S. Arisa y A. Mirabell)<\/li>\n<li><strong>El monstruo hambriento<\/strong> (MAH NA MAH NA, P. Umiliani)<\/li>\n<li><strong>Esqueleto<\/strong> (Shake Se\u00f1ora, H. Belafonte)<\/li>\n<li><strong>ZOMBIE (BONES, Imagine Dragons)<\/strong><\/li>\n<li><strong>El monstruo del consumismo<\/strong> (LA PEQUE\u00d1A TIENDA DE LOS HORRORES, M. Goodman)<\/li>\n<\/ul>\n<p>y TODAV\u00cdA M\u00c1S!<\/p>\n<ul>\n<li><strong>Un verano que nunca termina<\/strong> (M. N\u00fa\u00f1ez)<br \/>\ncoraz\u00f3n Mini RE-COR-d<\/li>\n<li><strong>Zombi<\/strong> (The Cranberries)<br \/>\ncoraz\u00f3n recordar<\/li>\n<li><strong>Aplaude con las manos.<\/strong> (G. Gershwin)<br \/>\ncoraz\u00f3n recordar<\/li>\n<\/ul>\n<p><img loading=\"lazy\" decoding=\"async\" class=\"alignnone wp-image-734\" src=\"https:\/\/articmusica.com\/wp-content\/uploads\/2025\/12\/8-amor-300x295.jpg\" alt=\"\" width=\"280\" height=\"275\" \/><img loading=\"lazy\" decoding=\"async\" class=\"alignnone wp-image-732\" src=\"https:\/\/articmusica.com\/wp-content\/uploads\/2025\/12\/10-guerra-300x293.jpg\" alt=\"\" width=\"281\" height=\"274\" \/><img loading=\"lazy\" decoding=\"async\" class=\"alignnone wp-image-733\" src=\"https:\/\/articmusica.com\/wp-content\/uploads\/2025\/12\/9-temps-300x295.jpg\" alt=\"\" width=\"279\" height=\"274\" \/><\/p>\n<p><strong>A CARGO DE LOS ALUMNOS DE<\/strong><\/p>\n<p>Cursos MOV (iniciaci\u00f3n), CODIS 6, CODIS 7, Mini RE-COR-d y RE-COR-d<\/p>\n<p><strong>EQUIPO DE PROFESORES DE \u00c0RTIC<\/strong><\/p>\n<p>Laura Casaponsa, Sara Escudero, Marcel Figueras, Irene Vinent, Cristina Zafra<\/p>\n<p><strong>PIANISTA ACOMPA\u00d1ANTE\u00a0 <\/strong><\/p>\n<p>Gonzalo Fern\u00e1ndez Zapata<\/p>\n<p><strong>GUION, ADAPTACI\u00d3N DE LETRAS <\/strong><\/p>\n<p>Cristina Zafra<\/p>\n<p><img loading=\"lazy\" decoding=\"async\" class=\"alignnone wp-image-737\" src=\"https:\/\/articmusica.com\/wp-content\/uploads\/2025\/12\/4-famos-300x295.jpg\" alt=\"\" width=\"282\" height=\"277\" \/><img loading=\"lazy\" decoding=\"async\" class=\"alignnone wp-image-731\" src=\"https:\/\/articmusica.com\/wp-content\/uploads\/2025\/12\/11-mirall-300x295.jpg\" alt=\"\" width=\"281\" height=\"276\" \/><img loading=\"lazy\" decoding=\"async\" class=\"alignnone wp-image-736\" src=\"https:\/\/articmusica.com\/wp-content\/uploads\/2025\/12\/5-consumisme-300x295.jpg\" alt=\"\" width=\"281\" height=\"276\" \/><\/p>","protected":false},"excerpt":{"rendered":"<p>CONCERT D&#8217;\u00c0RTIC Divendres, 16 de juny a les 18h Espai Putxet LA GALERIA DELS MONSTRES \u00e9s el resultat del projecte creatiu del curs a l&#8217;\u00c0rtic. En aquest projecte, tant els alumnes de codis com els de cor utilitzen els continguts espec\u00edfics de les seves assignatures i els posen en un context esc\u00e8nic, on es treballa [&hellip;]<\/p>\n","protected":false},"author":1,"featured_media":8263,"comment_status":"closed","ping_status":"open","sticky":false,"template":"","format":"standard","meta":{"footnotes":""},"categories":[75],"tags":[],"class_list":["post-764","post","type-post","status-publish","format-standard","has-post-thumbnail","hentry","category-artic"],"yoast_head":"<!-- This site is optimized with the Yoast SEO plugin v27.5 - https:\/\/yoast.com\/product\/yoast-seo-wordpress\/ -->\n<title>LA PETITA GALERIA DELS MONSTRES - \u00c0rtic - Escola de M\u00fasica<\/title>\n<meta name=\"robots\" content=\"index, follow, max-snippet:-1, max-image-preview:large, max-video-preview:-1\" \/>\n<link rel=\"canonical\" href=\"https:\/\/articmusica.com\/es\/la-pequena-galeria-de-monstruos\/\" \/>\n<meta property=\"og:locale\" content=\"es_ES\" \/>\n<meta property=\"og:type\" content=\"article\" \/>\n<meta property=\"og:title\" content=\"LA PETITA GALERIA DELS MONSTRES - \u00c0rtic - Escola de M\u00fasica\" \/>\n<meta property=\"og:description\" content=\"CONCERT D&#8217;\u00c0RTIC Divendres, 16 de juny a les 18h Espai Putxet LA GALERIA DELS MONSTRES \u00e9s el resultat del projecte creatiu del curs a l&#8217;\u00c0rtic. En aquest projecte, tant els alumnes de codis com els de cor utilitzen els continguts espec\u00edfics de les seves assignatures i els posen en un context esc\u00e8nic, on es treballa [&hellip;]\" \/>\n<meta property=\"og:url\" content=\"https:\/\/articmusica.com\/es\/la-pequena-galeria-de-monstruos\/\" \/>\n<meta property=\"og:site_name\" content=\"\u00c0rtic - Escola de M\u00fasica\" \/>\n<meta property=\"article:published_time\" content=\"2023-06-15T08:00:34+00:00\" \/>\n<meta property=\"article:modified_time\" content=\"2026-02-06T11:13:27+00:00\" \/>\n<meta property=\"og:image\" content=\"https:\/\/articmusica.com\/wp-content\/uploads\/2025\/12\/3-zombie-300x295.jpg\" \/>\n\t<meta property=\"og:image:width\" content=\"300\" \/>\n\t<meta property=\"og:image:height\" content=\"295\" \/>\n\t<meta property=\"og:image:type\" content=\"image\/jpeg\" \/>\n<meta name=\"author\" content=\"a86c26a8ed69\" \/>\n<meta name=\"twitter:card\" content=\"summary_large_image\" \/>\n<meta name=\"twitter:label1\" content=\"Escrito por\" \/>\n\t<meta name=\"twitter:data1\" content=\"a86c26a8ed69\" \/>\n\t<meta name=\"twitter:label2\" content=\"Tiempo de lectura\" \/>\n\t<meta name=\"twitter:data2\" content=\"1 minuto\" \/>\n<script type=\"application\/ld+json\" class=\"yoast-schema-graph\">{\"@context\":\"https:\\\/\\\/schema.org\",\"@graph\":[{\"@type\":\"Article\",\"@id\":\"https:\\\/\\\/articmusica.com\\\/la-petita-galeria-dels-monstres\\\/#article\",\"isPartOf\":{\"@id\":\"https:\\\/\\\/articmusica.com\\\/la-petita-galeria-dels-monstres\\\/\"},\"author\":{\"name\":\"a86c26a8ed69\",\"@id\":\"https:\\\/\\\/articmusica.com\\\/#\\\/schema\\\/person\\\/119ea4fcc1a1cdc1f582c9094e02721c\"},\"headline\":\"LA PETITA GALERIA DELS MONSTRES\",\"datePublished\":\"2023-06-15T08:00:34+00:00\",\"dateModified\":\"2026-02-06T11:13:27+00:00\",\"mainEntityOfPage\":{\"@id\":\"https:\\\/\\\/articmusica.com\\\/la-petita-galeria-dels-monstres\\\/\"},\"wordCount\":270,\"image\":{\"@id\":\"https:\\\/\\\/articmusica.com\\\/la-petita-galeria-dels-monstres\\\/#primaryimage\"},\"thumbnailUrl\":\"https:\\\/\\\/articmusica.com\\\/wp-content\\\/uploads\\\/2025\\\/12\\\/3-zombie-300x295.jpg\",\"articleSection\":[\"\u00c0rtic\"],\"inLanguage\":\"es\"},{\"@type\":\"WebPage\",\"@id\":\"https:\\\/\\\/articmusica.com\\\/la-petita-galeria-dels-monstres\\\/\",\"url\":\"https:\\\/\\\/articmusica.com\\\/la-petita-galeria-dels-monstres\\\/\",\"name\":\"LA PETITA GALERIA DELS MONSTRES - \u00c0rtic - Escola de M\u00fasica\",\"isPartOf\":{\"@id\":\"https:\\\/\\\/articmusica.com\\\/#website\"},\"primaryImageOfPage\":{\"@id\":\"https:\\\/\\\/articmusica.com\\\/la-petita-galeria-dels-monstres\\\/#primaryimage\"},\"image\":{\"@id\":\"https:\\\/\\\/articmusica.com\\\/la-petita-galeria-dels-monstres\\\/#primaryimage\"},\"thumbnailUrl\":\"https:\\\/\\\/articmusica.com\\\/wp-content\\\/uploads\\\/2025\\\/12\\\/3-zombie-300x295.jpg\",\"datePublished\":\"2023-06-15T08:00:34+00:00\",\"dateModified\":\"2026-02-06T11:13:27+00:00\",\"author\":{\"@id\":\"https:\\\/\\\/articmusica.com\\\/#\\\/schema\\\/person\\\/119ea4fcc1a1cdc1f582c9094e02721c\"},\"breadcrumb\":{\"@id\":\"https:\\\/\\\/articmusica.com\\\/la-petita-galeria-dels-monstres\\\/#breadcrumb\"},\"inLanguage\":\"es\",\"potentialAction\":[{\"@type\":\"ReadAction\",\"target\":[\"https:\\\/\\\/articmusica.com\\\/la-petita-galeria-dels-monstres\\\/\"]}]},{\"@type\":\"ImageObject\",\"inLanguage\":\"es\",\"@id\":\"https:\\\/\\\/articmusica.com\\\/la-petita-galeria-dels-monstres\\\/#primaryimage\",\"url\":\"https:\\\/\\\/articmusica.com\\\/wp-content\\\/uploads\\\/2025\\\/12\\\/3-zombie-300x295.jpg\",\"contentUrl\":\"https:\\\/\\\/articmusica.com\\\/wp-content\\\/uploads\\\/2025\\\/12\\\/3-zombie-300x295.jpg\",\"width\":300,\"height\":295,\"caption\":\"Artic monstre\"},{\"@type\":\"BreadcrumbList\",\"@id\":\"https:\\\/\\\/articmusica.com\\\/la-petita-galeria-dels-monstres\\\/#breadcrumb\",\"itemListElement\":[{\"@type\":\"ListItem\",\"position\":1,\"name\":\"Inici\",\"item\":\"https:\\\/\\\/articmusica.com\\\/\"},{\"@type\":\"ListItem\",\"position\":2,\"name\":\"LA PETITA GALERIA DELS MONSTRES\"}]},{\"@type\":\"WebSite\",\"@id\":\"https:\\\/\\\/articmusica.com\\\/#website\",\"url\":\"https:\\\/\\\/articmusica.com\\\/\",\"name\":\"\u00c0rtic - Escola de M\u00fasica\",\"description\":\"\",\"potentialAction\":[{\"@type\":\"SearchAction\",\"target\":{\"@type\":\"EntryPoint\",\"urlTemplate\":\"https:\\\/\\\/articmusica.com\\\/?s={search_term_string}\"},\"query-input\":{\"@type\":\"PropertyValueSpecification\",\"valueRequired\":true,\"valueName\":\"search_term_string\"}}],\"inLanguage\":\"es\"},{\"@type\":\"Person\",\"@id\":\"https:\\\/\\\/articmusica.com\\\/#\\\/schema\\\/person\\\/119ea4fcc1a1cdc1f582c9094e02721c\",\"name\":\"a86c26a8ed69\",\"image\":{\"@type\":\"ImageObject\",\"inLanguage\":\"es\",\"@id\":\"https:\\\/\\\/secure.gravatar.com\\\/avatar\\\/a7279f2092720db6a32022c8125adb5c62e7aeed91c39e99fb02dab11ab82a93?s=96&d=mm&r=g\",\"url\":\"https:\\\/\\\/secure.gravatar.com\\\/avatar\\\/a7279f2092720db6a32022c8125adb5c62e7aeed91c39e99fb02dab11ab82a93?s=96&d=mm&r=g\",\"contentUrl\":\"https:\\\/\\\/secure.gravatar.com\\\/avatar\\\/a7279f2092720db6a32022c8125adb5c62e7aeed91c39e99fb02dab11ab82a93?s=96&d=mm&r=g\",\"caption\":\"a86c26a8ed69\"},\"sameAs\":[\"https:\\\/\\\/articmusica.com\"],\"url\":\"https:\\\/\\\/articmusica.com\\\/es\\\/author\\\/a86c26a8ed69\\\/\"}]}<\/script>\n<!-- \/ Yoast SEO plugin. -->","yoast_head_json":{"title":"La peque\u00f1a galer\u00eda de monstruos - \u00c0rtic - Escuela de m\u00fasica","robots":{"index":"index","follow":"follow","max-snippet":"max-snippet:-1","max-image-preview":"max-image-preview:large","max-video-preview":"max-video-preview:-1"},"canonical":"https:\/\/articmusica.com\/es\/la-pequena-galeria-de-monstruos\/","og_locale":"es_ES","og_type":"article","og_title":"LA PETITA GALERIA DELS MONSTRES - \u00c0rtic - Escola de M\u00fasica","og_description":"CONCERT D&#8217;\u00c0RTIC Divendres, 16 de juny a les 18h Espai Putxet LA GALERIA DELS MONSTRES \u00e9s el resultat del projecte creatiu del curs a l&#8217;\u00c0rtic. En aquest projecte, tant els alumnes de codis com els de cor utilitzen els continguts espec\u00edfics de les seves assignatures i els posen en un context esc\u00e8nic, on es treballa [&hellip;]","og_url":"https:\/\/articmusica.com\/es\/la-pequena-galeria-de-monstruos\/","og_site_name":"\u00c0rtic - Escola de M\u00fasica","article_published_time":"2023-06-15T08:00:34+00:00","article_modified_time":"2026-02-06T11:13:27+00:00","og_image":[{"width":300,"height":295,"url":"https:\/\/articmusica.com\/wp-content\/uploads\/2025\/12\/3-zombie-300x295.jpg","type":"image\/jpeg"}],"author":"a86c26a8ed69","twitter_card":"summary_large_image","twitter_misc":{"Escrito por":"a86c26a8ed69","Tiempo de lectura":"1 minuto"},"schema":{"@context":"https:\/\/schema.org","@graph":[{"@type":"Article","@id":"https:\/\/articmusica.com\/la-petita-galeria-dels-monstres\/#article","isPartOf":{"@id":"https:\/\/articmusica.com\/la-petita-galeria-dels-monstres\/"},"author":{"name":"a86c26a8ed69","@id":"https:\/\/articmusica.com\/#\/schema\/person\/119ea4fcc1a1cdc1f582c9094e02721c"},"headline":"LA PETITA GALERIA DELS MONSTRES","datePublished":"2023-06-15T08:00:34+00:00","dateModified":"2026-02-06T11:13:27+00:00","mainEntityOfPage":{"@id":"https:\/\/articmusica.com\/la-petita-galeria-dels-monstres\/"},"wordCount":270,"image":{"@id":"https:\/\/articmusica.com\/la-petita-galeria-dels-monstres\/#primaryimage"},"thumbnailUrl":"https:\/\/articmusica.com\/wp-content\/uploads\/2025\/12\/3-zombie-300x295.jpg","articleSection":["\u00c0rtic"],"inLanguage":"es"},{"@type":"WebPage","@id":"https:\/\/articmusica.com\/la-petita-galeria-dels-monstres\/","url":"https:\/\/articmusica.com\/la-petita-galeria-dels-monstres\/","name":"La peque\u00f1a galer\u00eda de monstruos - \u00c0rtic - Escuela de m\u00fasica","isPartOf":{"@id":"https:\/\/articmusica.com\/#website"},"primaryImageOfPage":{"@id":"https:\/\/articmusica.com\/la-petita-galeria-dels-monstres\/#primaryimage"},"image":{"@id":"https:\/\/articmusica.com\/la-petita-galeria-dels-monstres\/#primaryimage"},"thumbnailUrl":"https:\/\/articmusica.com\/wp-content\/uploads\/2025\/12\/3-zombie-300x295.jpg","datePublished":"2023-06-15T08:00:34+00:00","dateModified":"2026-02-06T11:13:27+00:00","author":{"@id":"https:\/\/articmusica.com\/#\/schema\/person\/119ea4fcc1a1cdc1f582c9094e02721c"},"breadcrumb":{"@id":"https:\/\/articmusica.com\/la-petita-galeria-dels-monstres\/#breadcrumb"},"inLanguage":"es","potentialAction":[{"@type":"ReadAction","target":["https:\/\/articmusica.com\/la-petita-galeria-dels-monstres\/"]}]},{"@type":"ImageObject","inLanguage":"es","@id":"https:\/\/articmusica.com\/la-petita-galeria-dels-monstres\/#primaryimage","url":"https:\/\/articmusica.com\/wp-content\/uploads\/2025\/12\/3-zombie-300x295.jpg","contentUrl":"https:\/\/articmusica.com\/wp-content\/uploads\/2025\/12\/3-zombie-300x295.jpg","width":300,"height":295,"caption":"Artic monstre"},{"@type":"BreadcrumbList","@id":"https:\/\/articmusica.com\/la-petita-galeria-dels-monstres\/#breadcrumb","itemListElement":[{"@type":"ListItem","position":1,"name":"Inici","item":"https:\/\/articmusica.com\/"},{"@type":"ListItem","position":2,"name":"LA PETITA GALERIA DELS MONSTRES"}]},{"@type":"WebSite","@id":"https:\/\/articmusica.com\/#website","url":"https:\/\/articmusica.com\/","name":"\u00c0rtic - Escuela de M\u00fasica","description":"","potentialAction":[{"@type":"SearchAction","target":{"@type":"EntryPoint","urlTemplate":"https:\/\/articmusica.com\/?s={search_term_string}"},"query-input":{"@type":"PropertyValueSpecification","valueRequired":true,"valueName":"search_term_string"}}],"inLanguage":"es"},{"@type":"Person","@id":"https:\/\/articmusica.com\/#\/schema\/person\/119ea4fcc1a1cdc1f582c9094e02721c","name":"a86c26a8ed69","image":{"@type":"ImageObject","inLanguage":"es","@id":"https:\/\/secure.gravatar.com\/avatar\/a7279f2092720db6a32022c8125adb5c62e7aeed91c39e99fb02dab11ab82a93?s=96&d=mm&r=g","url":"https:\/\/secure.gravatar.com\/avatar\/a7279f2092720db6a32022c8125adb5c62e7aeed91c39e99fb02dab11ab82a93?s=96&d=mm&r=g","contentUrl":"https:\/\/secure.gravatar.com\/avatar\/a7279f2092720db6a32022c8125adb5c62e7aeed91c39e99fb02dab11ab82a93?s=96&d=mm&r=g","caption":"a86c26a8ed69"},"sameAs":["https:\/\/articmusica.com"],"url":"https:\/\/articmusica.com\/es\/author\/a86c26a8ed69\/"}]}},"_links":{"self":[{"href":"https:\/\/articmusica.com\/es\/wp-json\/wp\/v2\/posts\/764","targetHints":{"allow":["GET"]}}],"collection":[{"href":"https:\/\/articmusica.com\/es\/wp-json\/wp\/v2\/posts"}],"about":[{"href":"https:\/\/articmusica.com\/es\/wp-json\/wp\/v2\/types\/post"}],"author":[{"embeddable":true,"href":"https:\/\/articmusica.com\/es\/wp-json\/wp\/v2\/users\/1"}],"replies":[{"embeddable":true,"href":"https:\/\/articmusica.com\/es\/wp-json\/wp\/v2\/comments?post=764"}],"version-history":[{"count":3,"href":"https:\/\/articmusica.com\/es\/wp-json\/wp\/v2\/posts\/764\/revisions"}],"predecessor-version":[{"id":8470,"href":"https:\/\/articmusica.com\/es\/wp-json\/wp\/v2\/posts\/764\/revisions\/8470"}],"wp:featuredmedia":[{"embeddable":true,"href":"https:\/\/articmusica.com\/es\/wp-json\/wp\/v2\/media\/8263"}],"wp:attachment":[{"href":"https:\/\/articmusica.com\/es\/wp-json\/wp\/v2\/media?parent=764"}],"wp:term":[{"taxonomy":"category","embeddable":true,"href":"https:\/\/articmusica.com\/es\/wp-json\/wp\/v2\/categories?post=764"},{"taxonomy":"post_tag","embeddable":true,"href":"https:\/\/articmusica.com\/es\/wp-json\/wp\/v2\/tags?post=764"}],"curies":[{"name":"wp","href":"https:\/\/api.w.org\/{rel}","templated":true}]}}