{"id":653,"date":"2022-10-03T15:13:12","date_gmt":"2022-10-03T15:13:12","guid":{"rendered":"https:\/\/articmusica.com\/?p=653"},"modified":"2026-02-25T22:35:49","modified_gmt":"2026-02-25T21:35:49","slug":"the-city-composing-%c2%b7-como-suena-barcelona","status":"publish","type":"post","link":"https:\/\/articmusica.com\/es\/the-city-composing-%c2%b7-com-sona-barcelona\/","title":{"rendered":"THE CITY COMPOSING \u00b7 como suena Barcelona?"},"content":{"rendered":"<p>\u00bfC\u00d3MO suena BARCELONA?<\/p>\n<p>En \u00c0rtic hemos participado en el proyecto \u2019The City Composing\u00ab, ideado por la artista Hara Alonso, que parte del deseo de que los ciudadanos de Barcelona puedan participar de forma an\u00f3nima en el proceso creativo.<\/p>\n<p>Alonso recopilar\u00e1 todos estos materiales y crear\u00e1, de este modo, unas piezas que se representar\u00e1n en formado concierto al Artes Santa M\u00f2nica el pr\u00f3ximo 26 de noviembre, dentro del marco del ciclo de m\u00fasicas inusuales OUT\u00b7SIDE.<\/p>\n<p>Los alumnos de Laboratorio Sonoro de la escuela ya han hecho sus aportaciones al proyecto! Os invitamos a escuchar el resultado en el concierto en vivo en Arts Santa M\u00f2nica!<\/p>","protected":false},"excerpt":{"rendered":"<p>COM SONA BARCELONA? A l&#8217;\u00c0rtic hem participat en el projecte \u00abThe City Composing\u00bb ideat per l&#8217;artista Hara Alonso, que parteix de la voluntat que els ciutadans de Barcelona puguin formar-ne part del proc\u00e9s creatiu de forma an\u00f2nima. Alonso recopilar\u00e0 tots aquests materials i crear\u00e0, d&#8217;aquesta manera, unes peces que es representaran en format concert a [&hellip;]<\/p>\n","protected":false},"author":1,"featured_media":9345,"comment_status":"closed","ping_status":"open","sticky":false,"template":"","format":"standard","meta":{"footnotes":""},"categories":[75],"tags":[],"class_list":["post-653","post","type-post","status-publish","format-standard","has-post-thumbnail","hentry","category-artic"],"yoast_head":"<!-- This site is optimized with the Yoast SEO plugin v27.5 - https:\/\/yoast.com\/product\/yoast-seo-wordpress\/ -->\n<title>THE CITY COMPOSING \u00b7 com sona Barcelona? - \u00c0rtic - Escola de M\u00fasica<\/title>\n<meta name=\"robots\" content=\"index, follow, max-snippet:-1, max-image-preview:large, max-video-preview:-1\" \/>\n<link rel=\"canonical\" href=\"https:\/\/articmusica.com\/es\/the-city-composing-\u00b7-como-suena-barcelona\/\" \/>\n<meta property=\"og:locale\" content=\"es_ES\" \/>\n<meta property=\"og:type\" content=\"article\" \/>\n<meta property=\"og:title\" content=\"THE CITY COMPOSING \u00b7 com sona Barcelona? - \u00c0rtic - Escola de M\u00fasica\" \/>\n<meta property=\"og:description\" content=\"COM SONA BARCELONA? A l&#8217;\u00c0rtic hem participat en el projecte \u00abThe City Composing\u00bb ideat per l&#8217;artista Hara Alonso, que parteix de la voluntat que els ciutadans de Barcelona puguin formar-ne part del proc\u00e9s creatiu de forma an\u00f2nima. Alonso recopilar\u00e0 tots aquests materials i crear\u00e0, d&#8217;aquesta manera, unes peces que es representaran en format concert a [&hellip;]\" \/>\n<meta property=\"og:url\" content=\"https:\/\/articmusica.com\/es\/the-city-composing-\u00b7-como-suena-barcelona\/\" \/>\n<meta property=\"og:site_name\" content=\"\u00c0rtic - Escola de M\u00fasica\" \/>\n<meta property=\"article:published_time\" content=\"2022-10-03T15:13:12+00:00\" \/>\n<meta property=\"article:modified_time\" content=\"2026-02-25T21:35:49+00:00\" \/>\n<meta property=\"og:image\" content=\"https:\/\/articmusica.com\/wp-content\/uploads\/2026\/02\/Artic_1-1024x564-1.png\" \/>\n\t<meta property=\"og:image:width\" content=\"1024\" \/>\n\t<meta property=\"og:image:height\" content=\"564\" \/>\n\t<meta property=\"og:image:type\" content=\"image\/png\" \/>\n<meta name=\"author\" content=\"a86c26a8ed69\" \/>\n<meta name=\"twitter:card\" content=\"summary_large_image\" \/>\n<meta name=\"twitter:label1\" content=\"Escrito por\" \/>\n\t<meta name=\"twitter:data1\" content=\"a86c26a8ed69\" \/>\n\t<meta name=\"twitter:label2\" content=\"Tiempo de lectura\" \/>\n\t<meta name=\"twitter:data2\" content=\"1 minuto\" \/>\n<script type=\"application\/ld+json\" class=\"yoast-schema-graph\">{\"@context\":\"https:\\\/\\\/schema.org\",\"@graph\":[{\"@type\":\"Article\",\"@id\":\"https:\\\/\\\/articmusica.com\\\/the-city-composing-%c2%b7-com-sona-barcelona\\\/#article\",\"isPartOf\":{\"@id\":\"https:\\\/\\\/articmusica.com\\\/the-city-composing-%c2%b7-com-sona-barcelona\\\/\"},\"author\":{\"name\":\"a86c26a8ed69\",\"@id\":\"https:\\\/\\\/articmusica.com\\\/#\\\/schema\\\/person\\\/119ea4fcc1a1cdc1f582c9094e02721c\"},\"headline\":\"THE CITY COMPOSING \u00b7 com sona Barcelona?\",\"datePublished\":\"2022-10-03T15:13:12+00:00\",\"dateModified\":\"2026-02-25T21:35:49+00:00\",\"mainEntityOfPage\":{\"@id\":\"https:\\\/\\\/articmusica.com\\\/the-city-composing-%c2%b7-com-sona-barcelona\\\/\"},\"wordCount\":118,\"image\":{\"@id\":\"https:\\\/\\\/articmusica.com\\\/the-city-composing-%c2%b7-com-sona-barcelona\\\/#primaryimage\"},\"thumbnailUrl\":\"https:\\\/\\\/articmusica.com\\\/wp-content\\\/uploads\\\/2026\\\/02\\\/Artic_1-1024x564-1.png\",\"articleSection\":[\"\u00c0rtic\"],\"inLanguage\":\"es\"},{\"@type\":\"WebPage\",\"@id\":\"https:\\\/\\\/articmusica.com\\\/the-city-composing-%c2%b7-com-sona-barcelona\\\/\",\"url\":\"https:\\\/\\\/articmusica.com\\\/the-city-composing-%c2%b7-com-sona-barcelona\\\/\",\"name\":\"THE CITY COMPOSING \u00b7 com sona Barcelona? - \u00c0rtic - Escola de M\u00fasica\",\"isPartOf\":{\"@id\":\"https:\\\/\\\/articmusica.com\\\/#website\"},\"primaryImageOfPage\":{\"@id\":\"https:\\\/\\\/articmusica.com\\\/the-city-composing-%c2%b7-com-sona-barcelona\\\/#primaryimage\"},\"image\":{\"@id\":\"https:\\\/\\\/articmusica.com\\\/the-city-composing-%c2%b7-com-sona-barcelona\\\/#primaryimage\"},\"thumbnailUrl\":\"https:\\\/\\\/articmusica.com\\\/wp-content\\\/uploads\\\/2026\\\/02\\\/Artic_1-1024x564-1.png\",\"datePublished\":\"2022-10-03T15:13:12+00:00\",\"dateModified\":\"2026-02-25T21:35:49+00:00\",\"author\":{\"@id\":\"https:\\\/\\\/articmusica.com\\\/#\\\/schema\\\/person\\\/119ea4fcc1a1cdc1f582c9094e02721c\"},\"breadcrumb\":{\"@id\":\"https:\\\/\\\/articmusica.com\\\/the-city-composing-%c2%b7-com-sona-barcelona\\\/#breadcrumb\"},\"inLanguage\":\"es\",\"potentialAction\":[{\"@type\":\"ReadAction\",\"target\":[\"https:\\\/\\\/articmusica.com\\\/the-city-composing-%c2%b7-com-sona-barcelona\\\/\"]}]},{\"@type\":\"ImageObject\",\"inLanguage\":\"es\",\"@id\":\"https:\\\/\\\/articmusica.com\\\/the-city-composing-%c2%b7-com-sona-barcelona\\\/#primaryimage\",\"url\":\"https:\\\/\\\/articmusica.com\\\/wp-content\\\/uploads\\\/2026\\\/02\\\/Artic_1-1024x564-1.png\",\"contentUrl\":\"https:\\\/\\\/articmusica.com\\\/wp-content\\\/uploads\\\/2026\\\/02\\\/Artic_1-1024x564-1.png\",\"width\":1024,\"height\":564,\"caption\":\"The city composing\"},{\"@type\":\"BreadcrumbList\",\"@id\":\"https:\\\/\\\/articmusica.com\\\/the-city-composing-%c2%b7-com-sona-barcelona\\\/#breadcrumb\",\"itemListElement\":[{\"@type\":\"ListItem\",\"position\":1,\"name\":\"Inici\",\"item\":\"https:\\\/\\\/articmusica.com\\\/\"},{\"@type\":\"ListItem\",\"position\":2,\"name\":\"THE CITY COMPOSING \u00b7 com sona Barcelona?\"}]},{\"@type\":\"WebSite\",\"@id\":\"https:\\\/\\\/articmusica.com\\\/#website\",\"url\":\"https:\\\/\\\/articmusica.com\\\/\",\"name\":\"\u00c0rtic - Escola de M\u00fasica\",\"description\":\"\",\"potentialAction\":[{\"@type\":\"SearchAction\",\"target\":{\"@type\":\"EntryPoint\",\"urlTemplate\":\"https:\\\/\\\/articmusica.com\\\/?s={search_term_string}\"},\"query-input\":{\"@type\":\"PropertyValueSpecification\",\"valueRequired\":true,\"valueName\":\"search_term_string\"}}],\"inLanguage\":\"es\"},{\"@type\":\"Person\",\"@id\":\"https:\\\/\\\/articmusica.com\\\/#\\\/schema\\\/person\\\/119ea4fcc1a1cdc1f582c9094e02721c\",\"name\":\"a86c26a8ed69\",\"image\":{\"@type\":\"ImageObject\",\"inLanguage\":\"es\",\"@id\":\"https:\\\/\\\/secure.gravatar.com\\\/avatar\\\/a7279f2092720db6a32022c8125adb5c62e7aeed91c39e99fb02dab11ab82a93?s=96&d=mm&r=g\",\"url\":\"https:\\\/\\\/secure.gravatar.com\\\/avatar\\\/a7279f2092720db6a32022c8125adb5c62e7aeed91c39e99fb02dab11ab82a93?s=96&d=mm&r=g\",\"contentUrl\":\"https:\\\/\\\/secure.gravatar.com\\\/avatar\\\/a7279f2092720db6a32022c8125adb5c62e7aeed91c39e99fb02dab11ab82a93?s=96&d=mm&r=g\",\"caption\":\"a86c26a8ed69\"},\"sameAs\":[\"https:\\\/\\\/articmusica.com\"],\"url\":\"https:\\\/\\\/articmusica.com\\\/es\\\/author\\\/a86c26a8ed69\\\/\"}]}<\/script>\n<!-- \/ Yoast SEO plugin. -->","yoast_head_json":{"title":"LA CIUDAD COMPUESTA \u00b7 \u00bfC\u00f3mo suena Barcelona? - \u00c0rtic - Escuela de M\u00fasica","robots":{"index":"index","follow":"follow","max-snippet":"max-snippet:-1","max-image-preview":"max-image-preview:large","max-video-preview":"max-video-preview:-1"},"canonical":"https:\/\/articmusica.com\/es\/the-city-composing-\u00b7-como-suena-barcelona\/","og_locale":"es_ES","og_type":"article","og_title":"THE CITY COMPOSING \u00b7 com sona Barcelona? - \u00c0rtic - Escola de M\u00fasica","og_description":"COM SONA BARCELONA? A l&#8217;\u00c0rtic hem participat en el projecte \u00abThe City Composing\u00bb ideat per l&#8217;artista Hara Alonso, que parteix de la voluntat que els ciutadans de Barcelona puguin formar-ne part del proc\u00e9s creatiu de forma an\u00f2nima. Alonso recopilar\u00e0 tots aquests materials i crear\u00e0, d&#8217;aquesta manera, unes peces que es representaran en format concert a [&hellip;]","og_url":"https:\/\/articmusica.com\/es\/the-city-composing-\u00b7-como-suena-barcelona\/","og_site_name":"\u00c0rtic - Escola de M\u00fasica","article_published_time":"2022-10-03T15:13:12+00:00","article_modified_time":"2026-02-25T21:35:49+00:00","og_image":[{"width":1024,"height":564,"url":"https:\/\/articmusica.com\/wp-content\/uploads\/2026\/02\/Artic_1-1024x564-1.png","type":"image\/png"}],"author":"a86c26a8ed69","twitter_card":"summary_large_image","twitter_misc":{"Escrito por":"a86c26a8ed69","Tiempo de lectura":"1 minuto"},"schema":{"@context":"https:\/\/schema.org","@graph":[{"@type":"Article","@id":"https:\/\/articmusica.com\/the-city-composing-%c2%b7-com-sona-barcelona\/#article","isPartOf":{"@id":"https:\/\/articmusica.com\/the-city-composing-%c2%b7-com-sona-barcelona\/"},"author":{"name":"a86c26a8ed69","@id":"https:\/\/articmusica.com\/#\/schema\/person\/119ea4fcc1a1cdc1f582c9094e02721c"},"headline":"THE CITY COMPOSING \u00b7 com sona Barcelona?","datePublished":"2022-10-03T15:13:12+00:00","dateModified":"2026-02-25T21:35:49+00:00","mainEntityOfPage":{"@id":"https:\/\/articmusica.com\/the-city-composing-%c2%b7-com-sona-barcelona\/"},"wordCount":118,"image":{"@id":"https:\/\/articmusica.com\/the-city-composing-%c2%b7-com-sona-barcelona\/#primaryimage"},"thumbnailUrl":"https:\/\/articmusica.com\/wp-content\/uploads\/2026\/02\/Artic_1-1024x564-1.png","articleSection":["\u00c0rtic"],"inLanguage":"es"},{"@type":"WebPage","@id":"https:\/\/articmusica.com\/the-city-composing-%c2%b7-com-sona-barcelona\/","url":"https:\/\/articmusica.com\/the-city-composing-%c2%b7-com-sona-barcelona\/","name":"LA CIUDAD COMPUESTA \u00b7 \u00bfC\u00f3mo suena Barcelona? - \u00c0rtic - Escuela de M\u00fasica","isPartOf":{"@id":"https:\/\/articmusica.com\/#website"},"primaryImageOfPage":{"@id":"https:\/\/articmusica.com\/the-city-composing-%c2%b7-com-sona-barcelona\/#primaryimage"},"image":{"@id":"https:\/\/articmusica.com\/the-city-composing-%c2%b7-com-sona-barcelona\/#primaryimage"},"thumbnailUrl":"https:\/\/articmusica.com\/wp-content\/uploads\/2026\/02\/Artic_1-1024x564-1.png","datePublished":"2022-10-03T15:13:12+00:00","dateModified":"2026-02-25T21:35:49+00:00","author":{"@id":"https:\/\/articmusica.com\/#\/schema\/person\/119ea4fcc1a1cdc1f582c9094e02721c"},"breadcrumb":{"@id":"https:\/\/articmusica.com\/the-city-composing-%c2%b7-com-sona-barcelona\/#breadcrumb"},"inLanguage":"es","potentialAction":[{"@type":"ReadAction","target":["https:\/\/articmusica.com\/the-city-composing-%c2%b7-com-sona-barcelona\/"]}]},{"@type":"ImageObject","inLanguage":"es","@id":"https:\/\/articmusica.com\/the-city-composing-%c2%b7-com-sona-barcelona\/#primaryimage","url":"https:\/\/articmusica.com\/wp-content\/uploads\/2026\/02\/Artic_1-1024x564-1.png","contentUrl":"https:\/\/articmusica.com\/wp-content\/uploads\/2026\/02\/Artic_1-1024x564-1.png","width":1024,"height":564,"caption":"The city composing"},{"@type":"BreadcrumbList","@id":"https:\/\/articmusica.com\/the-city-composing-%c2%b7-com-sona-barcelona\/#breadcrumb","itemListElement":[{"@type":"ListItem","position":1,"name":"Inici","item":"https:\/\/articmusica.com\/"},{"@type":"ListItem","position":2,"name":"THE CITY COMPOSING \u00b7 com sona Barcelona?"}]},{"@type":"WebSite","@id":"https:\/\/articmusica.com\/#website","url":"https:\/\/articmusica.com\/","name":"\u00c0rtic - Escuela de M\u00fasica","description":"","potentialAction":[{"@type":"SearchAction","target":{"@type":"EntryPoint","urlTemplate":"https:\/\/articmusica.com\/?s={search_term_string}"},"query-input":{"@type":"PropertyValueSpecification","valueRequired":true,"valueName":"search_term_string"}}],"inLanguage":"es"},{"@type":"Person","@id":"https:\/\/articmusica.com\/#\/schema\/person\/119ea4fcc1a1cdc1f582c9094e02721c","name":"a86c26a8ed69","image":{"@type":"ImageObject","inLanguage":"es","@id":"https:\/\/secure.gravatar.com\/avatar\/a7279f2092720db6a32022c8125adb5c62e7aeed91c39e99fb02dab11ab82a93?s=96&d=mm&r=g","url":"https:\/\/secure.gravatar.com\/avatar\/a7279f2092720db6a32022c8125adb5c62e7aeed91c39e99fb02dab11ab82a93?s=96&d=mm&r=g","contentUrl":"https:\/\/secure.gravatar.com\/avatar\/a7279f2092720db6a32022c8125adb5c62e7aeed91c39e99fb02dab11ab82a93?s=96&d=mm&r=g","caption":"a86c26a8ed69"},"sameAs":["https:\/\/articmusica.com"],"url":"https:\/\/articmusica.com\/es\/author\/a86c26a8ed69\/"}]}},"_links":{"self":[{"href":"https:\/\/articmusica.com\/es\/wp-json\/wp\/v2\/posts\/653","targetHints":{"allow":["GET"]}}],"collection":[{"href":"https:\/\/articmusica.com\/es\/wp-json\/wp\/v2\/posts"}],"about":[{"href":"https:\/\/articmusica.com\/es\/wp-json\/wp\/v2\/types\/post"}],"author":[{"embeddable":true,"href":"https:\/\/articmusica.com\/es\/wp-json\/wp\/v2\/users\/1"}],"replies":[{"embeddable":true,"href":"https:\/\/articmusica.com\/es\/wp-json\/wp\/v2\/comments?post=653"}],"version-history":[{"count":2,"href":"https:\/\/articmusica.com\/es\/wp-json\/wp\/v2\/posts\/653\/revisions"}],"predecessor-version":[{"id":9274,"href":"https:\/\/articmusica.com\/es\/wp-json\/wp\/v2\/posts\/653\/revisions\/9274"}],"wp:featuredmedia":[{"embeddable":true,"href":"https:\/\/articmusica.com\/es\/wp-json\/wp\/v2\/media\/9345"}],"wp:attachment":[{"href":"https:\/\/articmusica.com\/es\/wp-json\/wp\/v2\/media?parent=653"}],"wp:term":[{"taxonomy":"category","embeddable":true,"href":"https:\/\/articmusica.com\/es\/wp-json\/wp\/v2\/categories?post=653"},{"taxonomy":"post_tag","embeddable":true,"href":"https:\/\/articmusica.com\/es\/wp-json\/wp\/v2\/tags?post=653"}],"curies":[{"name":"wp","href":"https:\/\/api.w.org\/{rel}","templated":true}]}}