{"id":9375,"date":"2026-05-22T10:52:32","date_gmt":"2026-05-22T08:52:32","guid":{"rendered":"https:\/\/articmusica.com\/?p=9375"},"modified":"2026-06-25T12:12:19","modified_gmt":"2026-06-25T10:12:19","slug":"the-beatles-in-the-arctic","status":"publish","type":"post","link":"https:\/\/articmusica.com\/en\/els-beatles-a-lartic\/","title":{"rendered":"Student Concert 2026"},"content":{"rendered":"<h2 class=\"wp-block-heading\"><\/h2>\n\n\n\n<p class=\"wp-block-paragraph\">Last Saturday we finally presented the concert <strong>Beatles at \u00c0rtic<\/strong>, the visible culmination of all the work we have been doing at school throughout this school year. We experienced it with great enthusiasm and emotion.<\/p>\n\n\n\n<p class=\"wp-block-paragraph\">Paul's, George's, Ringo's, and John's music has filled the classrooms and has been the common thread of much of the content worked on during these months. It has been an intense, creative, and very enriching project, which has allowed us to learn, share, and enjoy together.<\/p>\n\n\n\n<p class=\"wp-block-paragraph\">We are very proud of the work done by all the students and of all that they have learned along the way. Congratulations to everyone!<\/p>\n\n\n\n<p class=\"wp-block-paragraph\"><\/p>","protected":false},"excerpt":{"rendered":"<p>Dissabte passat vam presentar, finalment, el concert Beatles a l\u2019\u00c0rtic, la culminaci\u00f3 visible de tota la feina que hem anat fent a l\u2019escola al llarg d\u2019aquest curs. Ho vam viure amb molta il\u00b7lusi\u00f3 i emoci\u00f3. La m\u00fasica d\u2019en Paul, en George, en Ringo i en John ha omplert les aules i ha estat el fil [&hellip;]<\/p>\n","protected":false},"author":4,"featured_media":9377,"comment_status":"closed","ping_status":"closed","sticky":false,"template":"","format":"standard","meta":{"footnotes":""},"categories":[1],"tags":[],"class_list":["post-9375","post","type-post","status-publish","format-standard","has-post-thumbnail","hentry","category-uncategorized-ca"],"yoast_head":"<!-- This site is optimized with the Yoast SEO plugin v27.5 - https:\/\/yoast.com\/product\/yoast-seo-wordpress\/ -->\n<title>CONCERT d&#039;alumnes 2026 - \u00c0rtic - Escola de M\u00fasica<\/title>\n<meta name=\"robots\" content=\"index, follow, max-snippet:-1, max-image-preview:large, max-video-preview:-1\" \/>\n<link rel=\"canonical\" href=\"https:\/\/articmusica.com\/en\/the-beatles-in-the-arctic\/\" \/>\n<meta property=\"og:locale\" content=\"en_US\" \/>\n<meta property=\"og:type\" content=\"article\" \/>\n<meta property=\"og:title\" content=\"CONCERT d&#039;alumnes 2026 - \u00c0rtic - Escola de M\u00fasica\" \/>\n<meta property=\"og:description\" content=\"Dissabte passat vam presentar, finalment, el concert Beatles a l\u2019\u00c0rtic, la culminaci\u00f3 visible de tota la feina que hem anat fent a l\u2019escola al llarg d\u2019aquest curs. Ho vam viure amb molta il\u00b7lusi\u00f3 i emoci\u00f3. La m\u00fasica d\u2019en Paul, en George, en Ringo i en John ha omplert les aules i ha estat el fil [&hellip;]\" \/>\n<meta property=\"og:url\" content=\"https:\/\/articmusica.com\/en\/the-beatles-in-the-arctic\/\" \/>\n<meta property=\"og:site_name\" content=\"\u00c0rtic - Escola de M\u00fasica\" \/>\n<meta property=\"article:published_time\" content=\"2026-05-22T08:52:32+00:00\" \/>\n<meta property=\"article:modified_time\" content=\"2026-06-25T10:12:19+00:00\" \/>\n<meta property=\"og:image\" content=\"https:\/\/articmusica.com\/wp-content\/uploads\/2026\/05\/WhatsApp-Image-2026-05-22-at-10.50.07.jpeg\" \/>\n\t<meta property=\"og:image:width\" content=\"1595\" \/>\n\t<meta property=\"og:image:height\" content=\"1600\" \/>\n\t<meta property=\"og:image:type\" content=\"image\/jpeg\" \/>\n<meta name=\"author\" content=\"Artic Musica\" \/>\n<meta name=\"twitter:card\" content=\"summary_large_image\" \/>\n<meta name=\"twitter:label1\" content=\"Written by\" \/>\n\t<meta name=\"twitter:data1\" content=\"Artic Musica\" \/>\n\t<meta name=\"twitter:label2\" content=\"Est. reading time\" \/>\n\t<meta name=\"twitter:data2\" content=\"1 minute\" \/>\n<script type=\"application\/ld+json\" class=\"yoast-schema-graph\">{\"@context\":\"https:\\\/\\\/schema.org\",\"@graph\":[{\"@type\":\"Article\",\"@id\":\"https:\\\/\\\/articmusica.com\\\/els-beatles-a-lartic\\\/#article\",\"isPartOf\":{\"@id\":\"https:\\\/\\\/articmusica.com\\\/els-beatles-a-lartic\\\/\"},\"author\":{\"name\":\"Artic Musica\",\"@id\":\"https:\\\/\\\/articmusica.com\\\/#\\\/schema\\\/person\\\/d26287756f658c77ba886c7a07f0a2a3\"},\"headline\":\"CONCERT d&#8217;alumnes 2026\",\"datePublished\":\"2026-05-22T08:52:32+00:00\",\"dateModified\":\"2026-06-25T10:12:19+00:00\",\"mainEntityOfPage\":{\"@id\":\"https:\\\/\\\/articmusica.com\\\/els-beatles-a-lartic\\\/\"},\"wordCount\":118,\"image\":{\"@id\":\"https:\\\/\\\/articmusica.com\\\/els-beatles-a-lartic\\\/#primaryimage\"},\"thumbnailUrl\":\"https:\\\/\\\/articmusica.com\\\/wp-content\\\/uploads\\\/2026\\\/05\\\/WhatsApp-Image-2026-05-22-at-10.50.07.jpeg\",\"articleSection\":[\"Uncategorized @ca\"],\"inLanguage\":\"en-US\"},{\"@type\":\"WebPage\",\"@id\":\"https:\\\/\\\/articmusica.com\\\/els-beatles-a-lartic\\\/\",\"url\":\"https:\\\/\\\/articmusica.com\\\/els-beatles-a-lartic\\\/\",\"name\":\"CONCERT d'alumnes 2026 - \u00c0rtic - Escola de M\u00fasica\",\"isPartOf\":{\"@id\":\"https:\\\/\\\/articmusica.com\\\/#website\"},\"primaryImageOfPage\":{\"@id\":\"https:\\\/\\\/articmusica.com\\\/els-beatles-a-lartic\\\/#primaryimage\"},\"image\":{\"@id\":\"https:\\\/\\\/articmusica.com\\\/els-beatles-a-lartic\\\/#primaryimage\"},\"thumbnailUrl\":\"https:\\\/\\\/articmusica.com\\\/wp-content\\\/uploads\\\/2026\\\/05\\\/WhatsApp-Image-2026-05-22-at-10.50.07.jpeg\",\"datePublished\":\"2026-05-22T08:52:32+00:00\",\"dateModified\":\"2026-06-25T10:12:19+00:00\",\"author\":{\"@id\":\"https:\\\/\\\/articmusica.com\\\/#\\\/schema\\\/person\\\/d26287756f658c77ba886c7a07f0a2a3\"},\"breadcrumb\":{\"@id\":\"https:\\\/\\\/articmusica.com\\\/els-beatles-a-lartic\\\/#breadcrumb\"},\"inLanguage\":\"en-US\",\"potentialAction\":[{\"@type\":\"ReadAction\",\"target\":[\"https:\\\/\\\/articmusica.com\\\/els-beatles-a-lartic\\\/\"]}]},{\"@type\":\"ImageObject\",\"inLanguage\":\"en-US\",\"@id\":\"https:\\\/\\\/articmusica.com\\\/els-beatles-a-lartic\\\/#primaryimage\",\"url\":\"https:\\\/\\\/articmusica.com\\\/wp-content\\\/uploads\\\/2026\\\/05\\\/WhatsApp-Image-2026-05-22-at-10.50.07.jpeg\",\"contentUrl\":\"https:\\\/\\\/articmusica.com\\\/wp-content\\\/uploads\\\/2026\\\/05\\\/WhatsApp-Image-2026-05-22-at-10.50.07.jpeg\",\"width\":1595,\"height\":1600},{\"@type\":\"BreadcrumbList\",\"@id\":\"https:\\\/\\\/articmusica.com\\\/els-beatles-a-lartic\\\/#breadcrumb\",\"itemListElement\":[{\"@type\":\"ListItem\",\"position\":1,\"name\":\"Inici\",\"item\":\"https:\\\/\\\/articmusica.com\\\/\"},{\"@type\":\"ListItem\",\"position\":2,\"name\":\"CONCERT d&#8217;alumnes 2026\"}]},{\"@type\":\"WebSite\",\"@id\":\"https:\\\/\\\/articmusica.com\\\/#website\",\"url\":\"https:\\\/\\\/articmusica.com\\\/\",\"name\":\"\u00c0rtic - Escola de M\u00fasica\",\"description\":\"\",\"potentialAction\":[{\"@type\":\"SearchAction\",\"target\":{\"@type\":\"EntryPoint\",\"urlTemplate\":\"https:\\\/\\\/articmusica.com\\\/?s={search_term_string}\"},\"query-input\":{\"@type\":\"PropertyValueSpecification\",\"valueRequired\":true,\"valueName\":\"search_term_string\"}}],\"inLanguage\":\"en-US\"},{\"@type\":\"Person\",\"@id\":\"https:\\\/\\\/articmusica.com\\\/#\\\/schema\\\/person\\\/d26287756f658c77ba886c7a07f0a2a3\",\"name\":\"Artic Musica\",\"image\":{\"@type\":\"ImageObject\",\"inLanguage\":\"en-US\",\"@id\":\"https:\\\/\\\/secure.gravatar.com\\\/avatar\\\/5aa29f1e2e021fdb532f841ee2b48827ad121536be380774bfad2d2623a18ecd?s=96&d=mm&r=g\",\"url\":\"https:\\\/\\\/secure.gravatar.com\\\/avatar\\\/5aa29f1e2e021fdb532f841ee2b48827ad121536be380774bfad2d2623a18ecd?s=96&d=mm&r=g\",\"contentUrl\":\"https:\\\/\\\/secure.gravatar.com\\\/avatar\\\/5aa29f1e2e021fdb532f841ee2b48827ad121536be380774bfad2d2623a18ecd?s=96&d=mm&r=g\",\"caption\":\"Artic Musica\"},\"sameAs\":[\"https:\\\/\\\/articmusica.com\"],\"url\":\"https:\\\/\\\/articmusica.com\\\/en\\\/author\\\/articmusica\\\/\"}]}<\/script>\n<!-- \/ Yoast SEO plugin. -->","yoast_head_json":{"title":"2026 Student Concert - \u00c0rtic - School of Music","robots":{"index":"index","follow":"follow","max-snippet":"max-snippet:-1","max-image-preview":"max-image-preview:large","max-video-preview":"max-video-preview:-1"},"canonical":"https:\/\/articmusica.com\/en\/the-beatles-in-the-arctic\/","og_locale":"en_US","og_type":"article","og_title":"CONCERT d'alumnes 2026 - \u00c0rtic - Escola de M\u00fasica","og_description":"Dissabte passat vam presentar, finalment, el concert Beatles a l\u2019\u00c0rtic, la culminaci\u00f3 visible de tota la feina que hem anat fent a l\u2019escola al llarg d\u2019aquest curs. Ho vam viure amb molta il\u00b7lusi\u00f3 i emoci\u00f3. La m\u00fasica d\u2019en Paul, en George, en Ringo i en John ha omplert les aules i ha estat el fil [&hellip;]","og_url":"https:\/\/articmusica.com\/en\/the-beatles-in-the-arctic\/","og_site_name":"\u00c0rtic - Escola de M\u00fasica","article_published_time":"2026-05-22T08:52:32+00:00","article_modified_time":"2026-06-25T10:12:19+00:00","og_image":[{"width":1595,"height":1600,"url":"https:\/\/articmusica.com\/wp-content\/uploads\/2026\/05\/WhatsApp-Image-2026-05-22-at-10.50.07.jpeg","type":"image\/jpeg"}],"author":"Artic Musica","twitter_card":"summary_large_image","twitter_misc":{"Written by":"Artic Musica","Est. reading time":"1 minute"},"schema":{"@context":"https:\/\/schema.org","@graph":[{"@type":"Article","@id":"https:\/\/articmusica.com\/els-beatles-a-lartic\/#article","isPartOf":{"@id":"https:\/\/articmusica.com\/els-beatles-a-lartic\/"},"author":{"name":"Artic Musica","@id":"https:\/\/articmusica.com\/#\/schema\/person\/d26287756f658c77ba886c7a07f0a2a3"},"headline":"CONCERT d&#8217;alumnes 2026","datePublished":"2026-05-22T08:52:32+00:00","dateModified":"2026-06-25T10:12:19+00:00","mainEntityOfPage":{"@id":"https:\/\/articmusica.com\/els-beatles-a-lartic\/"},"wordCount":118,"image":{"@id":"https:\/\/articmusica.com\/els-beatles-a-lartic\/#primaryimage"},"thumbnailUrl":"https:\/\/articmusica.com\/wp-content\/uploads\/2026\/05\/WhatsApp-Image-2026-05-22-at-10.50.07.jpeg","articleSection":["Uncategorized @ca"],"inLanguage":"en-US"},{"@type":"WebPage","@id":"https:\/\/articmusica.com\/els-beatles-a-lartic\/","url":"https:\/\/articmusica.com\/els-beatles-a-lartic\/","name":"2026 Student Concert - \u00c0rtic - School of Music","isPartOf":{"@id":"https:\/\/articmusica.com\/#website"},"primaryImageOfPage":{"@id":"https:\/\/articmusica.com\/els-beatles-a-lartic\/#primaryimage"},"image":{"@id":"https:\/\/articmusica.com\/els-beatles-a-lartic\/#primaryimage"},"thumbnailUrl":"https:\/\/articmusica.com\/wp-content\/uploads\/2026\/05\/WhatsApp-Image-2026-05-22-at-10.50.07.jpeg","datePublished":"2026-05-22T08:52:32+00:00","dateModified":"2026-06-25T10:12:19+00:00","author":{"@id":"https:\/\/articmusica.com\/#\/schema\/person\/d26287756f658c77ba886c7a07f0a2a3"},"breadcrumb":{"@id":"https:\/\/articmusica.com\/els-beatles-a-lartic\/#breadcrumb"},"inLanguage":"en-US","potentialAction":[{"@type":"ReadAction","target":["https:\/\/articmusica.com\/els-beatles-a-lartic\/"]}]},{"@type":"ImageObject","inLanguage":"en-US","@id":"https:\/\/articmusica.com\/els-beatles-a-lartic\/#primaryimage","url":"https:\/\/articmusica.com\/wp-content\/uploads\/2026\/05\/WhatsApp-Image-2026-05-22-at-10.50.07.jpeg","contentUrl":"https:\/\/articmusica.com\/wp-content\/uploads\/2026\/05\/WhatsApp-Image-2026-05-22-at-10.50.07.jpeg","width":1595,"height":1600},{"@type":"BreadcrumbList","@id":"https:\/\/articmusica.com\/els-beatles-a-lartic\/#breadcrumb","itemListElement":[{"@type":"ListItem","position":1,"name":"Inici","item":"https:\/\/articmusica.com\/"},{"@type":"ListItem","position":2,"name":"CONCERT d&#8217;alumnes 2026"}]},{"@type":"WebSite","@id":"https:\/\/articmusica.com\/#website","url":"https:\/\/articmusica.com\/","name":"\u00c0rtic - School of Music","description":"","potentialAction":[{"@type":"SearchAction","target":{"@type":"EntryPoint","urlTemplate":"https:\/\/articmusica.com\/?s={search_term_string}"},"query-input":{"@type":"PropertyValueSpecification","valueRequired":true,"valueName":"search_term_string"}}],"inLanguage":"en-US"},{"@type":"Person","@id":"https:\/\/articmusica.com\/#\/schema\/person\/d26287756f658c77ba886c7a07f0a2a3","name":"Arctic Music","image":{"@type":"ImageObject","inLanguage":"en-US","@id":"https:\/\/secure.gravatar.com\/avatar\/5aa29f1e2e021fdb532f841ee2b48827ad121536be380774bfad2d2623a18ecd?s=96&d=mm&r=g","url":"https:\/\/secure.gravatar.com\/avatar\/5aa29f1e2e021fdb532f841ee2b48827ad121536be380774bfad2d2623a18ecd?s=96&d=mm&r=g","contentUrl":"https:\/\/secure.gravatar.com\/avatar\/5aa29f1e2e021fdb532f841ee2b48827ad121536be380774bfad2d2623a18ecd?s=96&d=mm&r=g","caption":"Artic Musica"},"sameAs":["https:\/\/articmusica.com"],"url":"https:\/\/articmusica.com\/en\/author\/articmusica\/"}]}},"_links":{"self":[{"href":"https:\/\/articmusica.com\/en\/wp-json\/wp\/v2\/posts\/9375","targetHints":{"allow":["GET"]}}],"collection":[{"href":"https:\/\/articmusica.com\/en\/wp-json\/wp\/v2\/posts"}],"about":[{"href":"https:\/\/articmusica.com\/en\/wp-json\/wp\/v2\/types\/post"}],"author":[{"embeddable":true,"href":"https:\/\/articmusica.com\/en\/wp-json\/wp\/v2\/users\/4"}],"replies":[{"embeddable":true,"href":"https:\/\/articmusica.com\/en\/wp-json\/wp\/v2\/comments?post=9375"}],"version-history":[{"count":8,"href":"https:\/\/articmusica.com\/en\/wp-json\/wp\/v2\/posts\/9375\/revisions"}],"predecessor-version":[{"id":9402,"href":"https:\/\/articmusica.com\/en\/wp-json\/wp\/v2\/posts\/9375\/revisions\/9402"}],"wp:featuredmedia":[{"embeddable":true,"href":"https:\/\/articmusica.com\/en\/wp-json\/wp\/v2\/media\/9377"}],"wp:attachment":[{"href":"https:\/\/articmusica.com\/en\/wp-json\/wp\/v2\/media?parent=9375"}],"wp:term":[{"taxonomy":"category","embeddable":true,"href":"https:\/\/articmusica.com\/en\/wp-json\/wp\/v2\/categories?post=9375"},{"taxonomy":"post_tag","embeddable":true,"href":"https:\/\/articmusica.com\/en\/wp-json\/wp\/v2\/tags?post=9375"}],"curies":[{"name":"wp","href":"https:\/\/api.w.org\/{rel}","templated":true}]}}