{"id":764,"date":"2023-06-15T08:00:34","date_gmt":"2023-06-15T08:00:34","guid":{"rendered":"https:\/\/articmusica.com\/?p=764"},"modified":"2026-02-06T12:13:27","modified_gmt":"2026-02-06T11:13:27","slug":"the-little-monster-gallery","status":"publish","type":"post","link":"https:\/\/articmusica.com\/en\/la-petita-galeria-dels-monstres\/","title":{"rendered":"HE LITTLE GALLERY OF MONSTERS"},"content":{"rendered":"<p><strong>Arctic Concert<\/strong><\/p>\n<p><strong>Friday, June 16 at 6 PM<\/strong><br \/>\n<strong>Espai Putxet<\/strong><\/p>\n<p><img fetchpriority=\"high\" decoding=\"async\" class=\"alignnone wp-image-740\" src=\"https:\/\/articmusica.com\/wp-content\/uploads\/2025\/12\/1-darrera-300x295.jpg\" alt=\"\" width=\"277\" height=\"272\" \/><img decoding=\"async\" class=\"alignnone wp-image-738\" src=\"https:\/\/articmusica.com\/wp-content\/uploads\/2025\/12\/3-zombie-300x295.jpg\" alt=\"\" width=\"278\" height=\"273\" \/><img decoding=\"async\" class=\"alignnone wp-image-739\" src=\"https:\/\/articmusica.com\/wp-content\/uploads\/2025\/12\/2-esquelet-300x295.jpg\" alt=\"\" width=\"278\" height=\"273\" \/><\/p>\n<p><em><strong>The Gallery of Monsters<\/strong> It is the result of the course's creative project at \u00c0rtic. In this project, both the code students and the choir students use the specific content of their subjects and place it in a theatrical context, where the musical aspect is explored not only from the standpoint of music theory but by attempting to transform classroom material into artistic work through a collaborative project.<\/em><\/p>\n<p><em>The programming proposal for this course revolves around pop music and zombies. Through the team's collaborative work, ideas emerged that, shaped in class, have evolved into this gallery of musical monsters we couldn't help but introduce to you.<\/em><\/p>\n<p><img loading=\"lazy\" decoding=\"async\" class=\"alignnone wp-image-737\" src=\"https:\/\/articmusica.com\/wp-content\/uploads\/2025\/12\/4-famos-300x295.jpg\" alt=\"\" width=\"283\" height=\"278\" \/><img loading=\"lazy\" decoding=\"async\" class=\"alignnone wp-image-735\" src=\"https:\/\/articmusica.com\/wp-content\/uploads\/2025\/12\/6-diva-300x295.jpg\" alt=\"\" width=\"284\" height=\"279\" \/><img loading=\"lazy\" decoding=\"async\" class=\"alignnone wp-image-736\" src=\"https:\/\/articmusica.com\/wp-content\/uploads\/2025\/12\/5-consumisme-300x295.jpg\" alt=\"\" width=\"285\" height=\"280\" \/><\/p>\n<ul>\n<li><strong>Behind the Monster<\/strong> (THRILLER, M. Jackson)<\/li>\n<li><strong>The Monster Under the Bed<\/strong> (SPIRITS AND GHOSTS, S. Arisa and A. Mirabell)<\/li>\n<li><strong>The Hungry Monster<\/strong> (MAH NA MAH NA, P. Umiliani)<\/li>\n<li><strong>Skeleton<\/strong> (SHAKE SENORA, H. Belafonte)<\/li>\n<li><strong>ZOMBIE (BONES, Imagine Dragons)<\/strong><\/li>\n<li><strong>The Monster of Consumerism<\/strong> (LITTLE SHOP OF HORRORS, M. Goodman)<\/li>\n<\/ul>\n<p>and even more!<\/p>\n<ul>\n<li><strong>A Summer That Never Ends<\/strong> (M. N\u00fa\u00f1ez)<br \/>\nheart Mini RE-COR-d<\/li>\n<li><strong>Zombie<\/strong> (The Cranberries)<br \/>\nheart remember<\/li>\n<li><strong>Clap your hands<\/strong> (G. Gershwin)<br \/>\nheart remember<\/li>\n<\/ul>\n<p><img loading=\"lazy\" decoding=\"async\" class=\"alignnone wp-image-734\" src=\"https:\/\/articmusica.com\/wp-content\/uploads\/2025\/12\/8-amor-300x295.jpg\" alt=\"\" width=\"280\" height=\"275\" \/><img loading=\"lazy\" decoding=\"async\" class=\"alignnone wp-image-732\" src=\"https:\/\/articmusica.com\/wp-content\/uploads\/2025\/12\/10-guerra-300x293.jpg\" alt=\"\" width=\"281\" height=\"274\" \/><img loading=\"lazy\" decoding=\"async\" class=\"alignnone wp-image-733\" src=\"https:\/\/articmusica.com\/wp-content\/uploads\/2025\/12\/9-temps-300x295.jpg\" alt=\"\" width=\"279\" height=\"274\" \/><\/p>\n<p><strong>By the students of<\/strong><\/p>\n<p>MOV (initiation), CODIS 6, CODIS 7, Mini RE-COR-d and RE-COR-d courses<\/p>\n<p><strong>Arctic Teacher Team<\/strong><\/p>\n<p>Laura Casaponsa, Sara Escudero, Marcel Figueras, Irene Vinent, Cristina Zafra<\/p>\n<p><strong>Accompanying Pianist\u00a0 <\/strong><\/p>\n<p>Gonzalo Fern\u00e1ndez Zapata<\/p>\n<p><strong>SCRIPT, ADAPTATION OF LYRICS <\/strong><\/p>\n<p>Cristina Zafra<\/p>\n<p><img loading=\"lazy\" decoding=\"async\" class=\"alignnone wp-image-737\" src=\"https:\/\/articmusica.com\/wp-content\/uploads\/2025\/12\/4-famos-300x295.jpg\" alt=\"\" width=\"282\" height=\"277\" \/><img loading=\"lazy\" decoding=\"async\" class=\"alignnone wp-image-731\" src=\"https:\/\/articmusica.com\/wp-content\/uploads\/2025\/12\/11-mirall-300x295.jpg\" alt=\"\" width=\"281\" height=\"276\" \/><img loading=\"lazy\" decoding=\"async\" class=\"alignnone wp-image-736\" src=\"https:\/\/articmusica.com\/wp-content\/uploads\/2025\/12\/5-consumisme-300x295.jpg\" alt=\"\" width=\"281\" height=\"276\" \/><\/p>","protected":false},"excerpt":{"rendered":"<p>CONCERT D&#8217;\u00c0RTIC Divendres, 16 de juny a les 18h Espai Putxet LA GALERIA DELS MONSTRES \u00e9s el resultat del projecte creatiu del curs a l&#8217;\u00c0rtic. En aquest projecte, tant els alumnes de codis com els de cor utilitzen els continguts espec\u00edfics de les seves assignatures i els posen en un context esc\u00e8nic, on es treballa [&hellip;]<\/p>\n","protected":false},"author":1,"featured_media":8263,"comment_status":"closed","ping_status":"open","sticky":false,"template":"","format":"standard","meta":{"footnotes":""},"categories":[75],"tags":[],"class_list":["post-764","post","type-post","status-publish","format-standard","has-post-thumbnail","hentry","category-artic"],"yoast_head":"<!-- This site is optimized with the Yoast SEO plugin v27.5 - https:\/\/yoast.com\/product\/yoast-seo-wordpress\/ -->\n<title>LA PETITA GALERIA DELS MONSTRES - \u00c0rtic - Escola de M\u00fasica<\/title>\n<meta name=\"robots\" content=\"index, follow, max-snippet:-1, max-image-preview:large, max-video-preview:-1\" \/>\n<link rel=\"canonical\" href=\"https:\/\/articmusica.com\/en\/the-little-monster-gallery\/\" \/>\n<meta property=\"og:locale\" content=\"en_US\" \/>\n<meta property=\"og:type\" content=\"article\" \/>\n<meta property=\"og:title\" content=\"LA PETITA GALERIA DELS MONSTRES - \u00c0rtic - Escola de M\u00fasica\" \/>\n<meta property=\"og:description\" content=\"CONCERT D&#8217;\u00c0RTIC Divendres, 16 de juny a les 18h Espai Putxet LA GALERIA DELS MONSTRES \u00e9s el resultat del projecte creatiu del curs a l&#8217;\u00c0rtic. En aquest projecte, tant els alumnes de codis com els de cor utilitzen els continguts espec\u00edfics de les seves assignatures i els posen en un context esc\u00e8nic, on es treballa [&hellip;]\" \/>\n<meta property=\"og:url\" content=\"https:\/\/articmusica.com\/en\/the-little-monster-gallery\/\" \/>\n<meta property=\"og:site_name\" content=\"\u00c0rtic - Escola de M\u00fasica\" \/>\n<meta property=\"article:published_time\" content=\"2023-06-15T08:00:34+00:00\" \/>\n<meta property=\"article:modified_time\" content=\"2026-02-06T11:13:27+00:00\" \/>\n<meta property=\"og:image\" content=\"https:\/\/articmusica.com\/wp-content\/uploads\/2025\/12\/3-zombie-300x295.jpg\" \/>\n\t<meta property=\"og:image:width\" content=\"300\" \/>\n\t<meta property=\"og:image:height\" content=\"295\" \/>\n\t<meta property=\"og:image:type\" content=\"image\/jpeg\" \/>\n<meta name=\"author\" content=\"a86c26a8ed69\" \/>\n<meta name=\"twitter:card\" content=\"summary_large_image\" \/>\n<meta name=\"twitter:label1\" content=\"Written by\" \/>\n\t<meta name=\"twitter:data1\" content=\"a86c26a8ed69\" \/>\n\t<meta name=\"twitter:label2\" content=\"Est. reading time\" \/>\n\t<meta name=\"twitter:data2\" content=\"1 minute\" \/>\n<script type=\"application\/ld+json\" class=\"yoast-schema-graph\">{\"@context\":\"https:\\\/\\\/schema.org\",\"@graph\":[{\"@type\":\"Article\",\"@id\":\"https:\\\/\\\/articmusica.com\\\/la-petita-galeria-dels-monstres\\\/#article\",\"isPartOf\":{\"@id\":\"https:\\\/\\\/articmusica.com\\\/la-petita-galeria-dels-monstres\\\/\"},\"author\":{\"name\":\"a86c26a8ed69\",\"@id\":\"https:\\\/\\\/articmusica.com\\\/#\\\/schema\\\/person\\\/119ea4fcc1a1cdc1f582c9094e02721c\"},\"headline\":\"LA PETITA GALERIA DELS MONSTRES\",\"datePublished\":\"2023-06-15T08:00:34+00:00\",\"dateModified\":\"2026-02-06T11:13:27+00:00\",\"mainEntityOfPage\":{\"@id\":\"https:\\\/\\\/articmusica.com\\\/la-petita-galeria-dels-monstres\\\/\"},\"wordCount\":270,\"image\":{\"@id\":\"https:\\\/\\\/articmusica.com\\\/la-petita-galeria-dels-monstres\\\/#primaryimage\"},\"thumbnailUrl\":\"https:\\\/\\\/articmusica.com\\\/wp-content\\\/uploads\\\/2025\\\/12\\\/3-zombie-300x295.jpg\",\"articleSection\":[\"\u00c0rtic\"],\"inLanguage\":\"en-US\"},{\"@type\":\"WebPage\",\"@id\":\"https:\\\/\\\/articmusica.com\\\/la-petita-galeria-dels-monstres\\\/\",\"url\":\"https:\\\/\\\/articmusica.com\\\/la-petita-galeria-dels-monstres\\\/\",\"name\":\"LA PETITA GALERIA DELS MONSTRES - \u00c0rtic - Escola de M\u00fasica\",\"isPartOf\":{\"@id\":\"https:\\\/\\\/articmusica.com\\\/#website\"},\"primaryImageOfPage\":{\"@id\":\"https:\\\/\\\/articmusica.com\\\/la-petita-galeria-dels-monstres\\\/#primaryimage\"},\"image\":{\"@id\":\"https:\\\/\\\/articmusica.com\\\/la-petita-galeria-dels-monstres\\\/#primaryimage\"},\"thumbnailUrl\":\"https:\\\/\\\/articmusica.com\\\/wp-content\\\/uploads\\\/2025\\\/12\\\/3-zombie-300x295.jpg\",\"datePublished\":\"2023-06-15T08:00:34+00:00\",\"dateModified\":\"2026-02-06T11:13:27+00:00\",\"author\":{\"@id\":\"https:\\\/\\\/articmusica.com\\\/#\\\/schema\\\/person\\\/119ea4fcc1a1cdc1f582c9094e02721c\"},\"breadcrumb\":{\"@id\":\"https:\\\/\\\/articmusica.com\\\/la-petita-galeria-dels-monstres\\\/#breadcrumb\"},\"inLanguage\":\"en-US\",\"potentialAction\":[{\"@type\":\"ReadAction\",\"target\":[\"https:\\\/\\\/articmusica.com\\\/la-petita-galeria-dels-monstres\\\/\"]}]},{\"@type\":\"ImageObject\",\"inLanguage\":\"en-US\",\"@id\":\"https:\\\/\\\/articmusica.com\\\/la-petita-galeria-dels-monstres\\\/#primaryimage\",\"url\":\"https:\\\/\\\/articmusica.com\\\/wp-content\\\/uploads\\\/2025\\\/12\\\/3-zombie-300x295.jpg\",\"contentUrl\":\"https:\\\/\\\/articmusica.com\\\/wp-content\\\/uploads\\\/2025\\\/12\\\/3-zombie-300x295.jpg\",\"width\":300,\"height\":295,\"caption\":\"Artic monstre\"},{\"@type\":\"BreadcrumbList\",\"@id\":\"https:\\\/\\\/articmusica.com\\\/la-petita-galeria-dels-monstres\\\/#breadcrumb\",\"itemListElement\":[{\"@type\":\"ListItem\",\"position\":1,\"name\":\"Inici\",\"item\":\"https:\\\/\\\/articmusica.com\\\/\"},{\"@type\":\"ListItem\",\"position\":2,\"name\":\"LA PETITA GALERIA DELS MONSTRES\"}]},{\"@type\":\"WebSite\",\"@id\":\"https:\\\/\\\/articmusica.com\\\/#website\",\"url\":\"https:\\\/\\\/articmusica.com\\\/\",\"name\":\"\u00c0rtic - Escola de M\u00fasica\",\"description\":\"\",\"potentialAction\":[{\"@type\":\"SearchAction\",\"target\":{\"@type\":\"EntryPoint\",\"urlTemplate\":\"https:\\\/\\\/articmusica.com\\\/?s={search_term_string}\"},\"query-input\":{\"@type\":\"PropertyValueSpecification\",\"valueRequired\":true,\"valueName\":\"search_term_string\"}}],\"inLanguage\":\"en-US\"},{\"@type\":\"Person\",\"@id\":\"https:\\\/\\\/articmusica.com\\\/#\\\/schema\\\/person\\\/119ea4fcc1a1cdc1f582c9094e02721c\",\"name\":\"a86c26a8ed69\",\"image\":{\"@type\":\"ImageObject\",\"inLanguage\":\"en-US\",\"@id\":\"https:\\\/\\\/secure.gravatar.com\\\/avatar\\\/a7279f2092720db6a32022c8125adb5c62e7aeed91c39e99fb02dab11ab82a93?s=96&d=mm&r=g\",\"url\":\"https:\\\/\\\/secure.gravatar.com\\\/avatar\\\/a7279f2092720db6a32022c8125adb5c62e7aeed91c39e99fb02dab11ab82a93?s=96&d=mm&r=g\",\"contentUrl\":\"https:\\\/\\\/secure.gravatar.com\\\/avatar\\\/a7279f2092720db6a32022c8125adb5c62e7aeed91c39e99fb02dab11ab82a93?s=96&d=mm&r=g\",\"caption\":\"a86c26a8ed69\"},\"sameAs\":[\"https:\\\/\\\/articmusica.com\"],\"url\":\"https:\\\/\\\/articmusica.com\\\/en\\\/author\\\/a86c26a8ed69\\\/\"}]}<\/script>\n<!-- \/ Yoast SEO plugin. -->","yoast_head_json":{"title":"The Little Gallery of Monsters - \u00c0rtic - School of Music","robots":{"index":"index","follow":"follow","max-snippet":"max-snippet:-1","max-image-preview":"max-image-preview:large","max-video-preview":"max-video-preview:-1"},"canonical":"https:\/\/articmusica.com\/en\/the-little-monster-gallery\/","og_locale":"en_US","og_type":"article","og_title":"LA PETITA GALERIA DELS MONSTRES - \u00c0rtic - Escola de M\u00fasica","og_description":"CONCERT D&#8217;\u00c0RTIC Divendres, 16 de juny a les 18h Espai Putxet LA GALERIA DELS MONSTRES \u00e9s el resultat del projecte creatiu del curs a l&#8217;\u00c0rtic. En aquest projecte, tant els alumnes de codis com els de cor utilitzen els continguts espec\u00edfics de les seves assignatures i els posen en un context esc\u00e8nic, on es treballa [&hellip;]","og_url":"https:\/\/articmusica.com\/en\/the-little-monster-gallery\/","og_site_name":"\u00c0rtic - Escola de M\u00fasica","article_published_time":"2023-06-15T08:00:34+00:00","article_modified_time":"2026-02-06T11:13:27+00:00","og_image":[{"width":300,"height":295,"url":"https:\/\/articmusica.com\/wp-content\/uploads\/2025\/12\/3-zombie-300x295.jpg","type":"image\/jpeg"}],"author":"a86c26a8ed69","twitter_card":"summary_large_image","twitter_misc":{"Written by":"a86c26a8ed69","Est. reading time":"1 minute"},"schema":{"@context":"https:\/\/schema.org","@graph":[{"@type":"Article","@id":"https:\/\/articmusica.com\/la-petita-galeria-dels-monstres\/#article","isPartOf":{"@id":"https:\/\/articmusica.com\/la-petita-galeria-dels-monstres\/"},"author":{"name":"a86c26a8ed69","@id":"https:\/\/articmusica.com\/#\/schema\/person\/119ea4fcc1a1cdc1f582c9094e02721c"},"headline":"LA PETITA GALERIA DELS MONSTRES","datePublished":"2023-06-15T08:00:34+00:00","dateModified":"2026-02-06T11:13:27+00:00","mainEntityOfPage":{"@id":"https:\/\/articmusica.com\/la-petita-galeria-dels-monstres\/"},"wordCount":270,"image":{"@id":"https:\/\/articmusica.com\/la-petita-galeria-dels-monstres\/#primaryimage"},"thumbnailUrl":"https:\/\/articmusica.com\/wp-content\/uploads\/2025\/12\/3-zombie-300x295.jpg","articleSection":["\u00c0rtic"],"inLanguage":"en-US"},{"@type":"WebPage","@id":"https:\/\/articmusica.com\/la-petita-galeria-dels-monstres\/","url":"https:\/\/articmusica.com\/la-petita-galeria-dels-monstres\/","name":"The Little Gallery of Monsters - \u00c0rtic - School of Music","isPartOf":{"@id":"https:\/\/articmusica.com\/#website"},"primaryImageOfPage":{"@id":"https:\/\/articmusica.com\/la-petita-galeria-dels-monstres\/#primaryimage"},"image":{"@id":"https:\/\/articmusica.com\/la-petita-galeria-dels-monstres\/#primaryimage"},"thumbnailUrl":"https:\/\/articmusica.com\/wp-content\/uploads\/2025\/12\/3-zombie-300x295.jpg","datePublished":"2023-06-15T08:00:34+00:00","dateModified":"2026-02-06T11:13:27+00:00","author":{"@id":"https:\/\/articmusica.com\/#\/schema\/person\/119ea4fcc1a1cdc1f582c9094e02721c"},"breadcrumb":{"@id":"https:\/\/articmusica.com\/la-petita-galeria-dels-monstres\/#breadcrumb"},"inLanguage":"en-US","potentialAction":[{"@type":"ReadAction","target":["https:\/\/articmusica.com\/la-petita-galeria-dels-monstres\/"]}]},{"@type":"ImageObject","inLanguage":"en-US","@id":"https:\/\/articmusica.com\/la-petita-galeria-dels-monstres\/#primaryimage","url":"https:\/\/articmusica.com\/wp-content\/uploads\/2025\/12\/3-zombie-300x295.jpg","contentUrl":"https:\/\/articmusica.com\/wp-content\/uploads\/2025\/12\/3-zombie-300x295.jpg","width":300,"height":295,"caption":"Artic monstre"},{"@type":"BreadcrumbList","@id":"https:\/\/articmusica.com\/la-petita-galeria-dels-monstres\/#breadcrumb","itemListElement":[{"@type":"ListItem","position":1,"name":"Inici","item":"https:\/\/articmusica.com\/"},{"@type":"ListItem","position":2,"name":"LA PETITA GALERIA DELS MONSTRES"}]},{"@type":"WebSite","@id":"https:\/\/articmusica.com\/#website","url":"https:\/\/articmusica.com\/","name":"\u00c0rtic - School of Music","description":"","potentialAction":[{"@type":"SearchAction","target":{"@type":"EntryPoint","urlTemplate":"https:\/\/articmusica.com\/?s={search_term_string}"},"query-input":{"@type":"PropertyValueSpecification","valueRequired":true,"valueName":"search_term_string"}}],"inLanguage":"en-US"},{"@type":"Person","@id":"https:\/\/articmusica.com\/#\/schema\/person\/119ea4fcc1a1cdc1f582c9094e02721c","name":"a86c26a8ed69","image":{"@type":"ImageObject","inLanguage":"en-US","@id":"https:\/\/secure.gravatar.com\/avatar\/a7279f2092720db6a32022c8125adb5c62e7aeed91c39e99fb02dab11ab82a93?s=96&d=mm&r=g","url":"https:\/\/secure.gravatar.com\/avatar\/a7279f2092720db6a32022c8125adb5c62e7aeed91c39e99fb02dab11ab82a93?s=96&d=mm&r=g","contentUrl":"https:\/\/secure.gravatar.com\/avatar\/a7279f2092720db6a32022c8125adb5c62e7aeed91c39e99fb02dab11ab82a93?s=96&d=mm&r=g","caption":"a86c26a8ed69"},"sameAs":["https:\/\/articmusica.com"],"url":"https:\/\/articmusica.com\/en\/author\/a86c26a8ed69\/"}]}},"_links":{"self":[{"href":"https:\/\/articmusica.com\/en\/wp-json\/wp\/v2\/posts\/764","targetHints":{"allow":["GET"]}}],"collection":[{"href":"https:\/\/articmusica.com\/en\/wp-json\/wp\/v2\/posts"}],"about":[{"href":"https:\/\/articmusica.com\/en\/wp-json\/wp\/v2\/types\/post"}],"author":[{"embeddable":true,"href":"https:\/\/articmusica.com\/en\/wp-json\/wp\/v2\/users\/1"}],"replies":[{"embeddable":true,"href":"https:\/\/articmusica.com\/en\/wp-json\/wp\/v2\/comments?post=764"}],"version-history":[{"count":3,"href":"https:\/\/articmusica.com\/en\/wp-json\/wp\/v2\/posts\/764\/revisions"}],"predecessor-version":[{"id":8470,"href":"https:\/\/articmusica.com\/en\/wp-json\/wp\/v2\/posts\/764\/revisions\/8470"}],"wp:featuredmedia":[{"embeddable":true,"href":"https:\/\/articmusica.com\/en\/wp-json\/wp\/v2\/media\/8263"}],"wp:attachment":[{"href":"https:\/\/articmusica.com\/en\/wp-json\/wp\/v2\/media?parent=764"}],"wp:term":[{"taxonomy":"category","embeddable":true,"href":"https:\/\/articmusica.com\/en\/wp-json\/wp\/v2\/categories?post=764"},{"taxonomy":"post_tag","embeddable":true,"href":"https:\/\/articmusica.com\/en\/wp-json\/wp\/v2\/tags?post=764"}],"curies":[{"name":"wp","href":"https:\/\/api.w.org\/{rel}","templated":true}]}}