{"id":430,"date":"2022-03-30T15:30:45","date_gmt":"2022-03-30T15:30:45","guid":{"rendered":"https:\/\/articmusica.com\/?p=430"},"modified":"2026-02-25T22:35:01","modified_gmt":"2026-02-25T21:35:01","slug":"the-seed","status":"publish","type":"post","link":"https:\/\/articmusica.com\/en\/la-llavor\/","title":{"rendered":"THE SEED"},"content":{"rendered":"<p><span style=\"font-weight: 400;\">This coming Saturday, April 2, the young \u00c0rtics will present the show to us. <\/span><i><span style=\"font-weight: 400;\">The Seed.<\/span><\/i><span style=\"font-weight: 400;\"> It will be at 7 PM at S\u00fanion School. We look forward to seeing you there!<\/span><\/p>\n<p><i><span style=\"font-weight: 400;\">The Seed<\/span><\/i><span style=\"font-weight: 400;\"> It is the musical story of the birth of a tiny seed. Disoriented, it finds itself facing a world it doesn't understand and must find the strength to learn, grow, and overcome all the things that make it suffer. Its journey will lead it to wage a metaphorical war against evil.<\/span><\/p>\n<p><i><span style=\"font-weight: 400;\">The Seed<\/span><\/i><span style=\"font-weight: 400;\"> It is a fairly abstract work in the form of a fable. The language, more poetic and metaphorical, allows for different interpretations and this makes it a good tool for approaching, to a greater or lesser depth depending on the age, issues as complex as good and evil, love, or the meaning of life, but above all, it allows for an emotional connection through song, sound work (also very abstract), and movement.<\/span><\/p>\n<p><span style=\"font-weight: 400;\">The students have produced a musical composition by manipulating sounds and also a visual artwork by combining certain symbolic elements drawn from the text, creating small audiovisual fragments that articulate the work's narrative.\u00a0\u00a0<\/span><\/p>\n<p>&nbsp;<\/p>\n<p><span style=\"font-weight: 400;\">Music: David Martell<\/span><\/p>\n<p><span style=\"font-weight: 400;\">Original idea, story and lyrics: Cristina Zafra<\/span><\/p>","protected":false},"excerpt":{"rendered":"<p>El proper dissabte dia 2 d\u2019abril els joves \u00c0rtics ens oferiran l\u2019espectacle La Llavor. Ser\u00e0 a les 19h a l\u2019Escola S\u00fanion. Us hi esperem! La Llavor \u00e9s la hist\u00f2ria musical del naixement d\u2019una petita llavor. Aquesta, desorientada, es troba davant un m\u00f3n que no ent\u00e9n i ha de trobar la for\u00e7a per aprendre, cr\u00e9ixer i [&hellip;]<\/p>\n","protected":false},"author":1,"featured_media":9346,"comment_status":"closed","ping_status":"open","sticky":false,"template":"","format":"standard","meta":{"footnotes":""},"categories":[75],"tags":[],"class_list":["post-430","post","type-post","status-publish","format-standard","has-post-thumbnail","hentry","category-artic"],"yoast_head":"<!-- This site is optimized with the Yoast SEO plugin v27.5 - https:\/\/yoast.com\/product\/yoast-seo-wordpress\/ -->\n<title>LA LLAVOR - \u00c0rtic - Escola de M\u00fasica<\/title>\n<meta name=\"robots\" content=\"index, follow, max-snippet:-1, max-image-preview:large, max-video-preview:-1\" \/>\n<link rel=\"canonical\" href=\"https:\/\/articmusica.com\/en\/the-seed\/\" \/>\n<meta property=\"og:locale\" content=\"en_US\" \/>\n<meta property=\"og:type\" content=\"article\" \/>\n<meta property=\"og:title\" content=\"LA LLAVOR - \u00c0rtic - Escola de M\u00fasica\" \/>\n<meta property=\"og:description\" content=\"El proper dissabte dia 2 d\u2019abril els joves \u00c0rtics ens oferiran l\u2019espectacle La Llavor. Ser\u00e0 a les 19h a l\u2019Escola S\u00fanion. Us hi esperem! La Llavor \u00e9s la hist\u00f2ria musical del naixement d\u2019una petita llavor. Aquesta, desorientada, es troba davant un m\u00f3n que no ent\u00e9n i ha de trobar la for\u00e7a per aprendre, cr\u00e9ixer i [&hellip;]\" \/>\n<meta property=\"og:url\" content=\"https:\/\/articmusica.com\/en\/the-seed\/\" \/>\n<meta property=\"og:site_name\" content=\"\u00c0rtic - Escola de M\u00fasica\" \/>\n<meta property=\"article:published_time\" content=\"2022-03-30T15:30:45+00:00\" \/>\n<meta property=\"article:modified_time\" content=\"2026-02-25T21:35:01+00:00\" \/>\n<meta property=\"og:image\" content=\"https:\/\/articmusica.com\/wp-content\/uploads\/2026\/02\/Artic_2-817x1024-1.jpg\" \/>\n\t<meta property=\"og:image:width\" content=\"817\" \/>\n\t<meta property=\"og:image:height\" content=\"1024\" \/>\n\t<meta property=\"og:image:type\" content=\"image\/jpeg\" \/>\n<meta name=\"author\" content=\"a86c26a8ed69\" \/>\n<meta name=\"twitter:card\" content=\"summary_large_image\" \/>\n<meta name=\"twitter:label1\" content=\"Written by\" \/>\n\t<meta name=\"twitter:data1\" content=\"a86c26a8ed69\" \/>\n\t<meta name=\"twitter:label2\" content=\"Est. reading time\" \/>\n\t<meta name=\"twitter:data2\" content=\"2 minutes\" \/>\n<script type=\"application\/ld+json\" class=\"yoast-schema-graph\">{\"@context\":\"https:\\\/\\\/schema.org\",\"@graph\":[{\"@type\":\"Article\",\"@id\":\"https:\\\/\\\/articmusica.com\\\/la-llavor\\\/#article\",\"isPartOf\":{\"@id\":\"https:\\\/\\\/articmusica.com\\\/la-llavor\\\/\"},\"author\":{\"name\":\"a86c26a8ed69\",\"@id\":\"https:\\\/\\\/articmusica.com\\\/#\\\/schema\\\/person\\\/119ea4fcc1a1cdc1f582c9094e02721c\"},\"headline\":\"LA LLAVOR\",\"datePublished\":\"2022-03-30T15:30:45+00:00\",\"dateModified\":\"2026-02-25T21:35:01+00:00\",\"mainEntityOfPage\":{\"@id\":\"https:\\\/\\\/articmusica.com\\\/la-llavor\\\/\"},\"wordCount\":233,\"image\":{\"@id\":\"https:\\\/\\\/articmusica.com\\\/la-llavor\\\/#primaryimage\"},\"thumbnailUrl\":\"https:\\\/\\\/articmusica.com\\\/wp-content\\\/uploads\\\/2026\\\/02\\\/Artic_2-817x1024-1.jpg\",\"articleSection\":[\"\u00c0rtic\"],\"inLanguage\":\"en-US\"},{\"@type\":\"WebPage\",\"@id\":\"https:\\\/\\\/articmusica.com\\\/la-llavor\\\/\",\"url\":\"https:\\\/\\\/articmusica.com\\\/la-llavor\\\/\",\"name\":\"LA LLAVOR - \u00c0rtic - Escola de M\u00fasica\",\"isPartOf\":{\"@id\":\"https:\\\/\\\/articmusica.com\\\/#website\"},\"primaryImageOfPage\":{\"@id\":\"https:\\\/\\\/articmusica.com\\\/la-llavor\\\/#primaryimage\"},\"image\":{\"@id\":\"https:\\\/\\\/articmusica.com\\\/la-llavor\\\/#primaryimage\"},\"thumbnailUrl\":\"https:\\\/\\\/articmusica.com\\\/wp-content\\\/uploads\\\/2026\\\/02\\\/Artic_2-817x1024-1.jpg\",\"datePublished\":\"2022-03-30T15:30:45+00:00\",\"dateModified\":\"2026-02-25T21:35:01+00:00\",\"author\":{\"@id\":\"https:\\\/\\\/articmusica.com\\\/#\\\/schema\\\/person\\\/119ea4fcc1a1cdc1f582c9094e02721c\"},\"breadcrumb\":{\"@id\":\"https:\\\/\\\/articmusica.com\\\/la-llavor\\\/#breadcrumb\"},\"inLanguage\":\"en-US\",\"potentialAction\":[{\"@type\":\"ReadAction\",\"target\":[\"https:\\\/\\\/articmusica.com\\\/la-llavor\\\/\"]}]},{\"@type\":\"ImageObject\",\"inLanguage\":\"en-US\",\"@id\":\"https:\\\/\\\/articmusica.com\\\/la-llavor\\\/#primaryimage\",\"url\":\"https:\\\/\\\/articmusica.com\\\/wp-content\\\/uploads\\\/2026\\\/02\\\/Artic_2-817x1024-1.jpg\",\"contentUrl\":\"https:\\\/\\\/articmusica.com\\\/wp-content\\\/uploads\\\/2026\\\/02\\\/Artic_2-817x1024-1.jpg\",\"width\":817,\"height\":1024,\"caption\":\"La llavor\"},{\"@type\":\"BreadcrumbList\",\"@id\":\"https:\\\/\\\/articmusica.com\\\/la-llavor\\\/#breadcrumb\",\"itemListElement\":[{\"@type\":\"ListItem\",\"position\":1,\"name\":\"Inici\",\"item\":\"https:\\\/\\\/articmusica.com\\\/\"},{\"@type\":\"ListItem\",\"position\":2,\"name\":\"LA LLAVOR\"}]},{\"@type\":\"WebSite\",\"@id\":\"https:\\\/\\\/articmusica.com\\\/#website\",\"url\":\"https:\\\/\\\/articmusica.com\\\/\",\"name\":\"\u00c0rtic - Escola de M\u00fasica\",\"description\":\"\",\"potentialAction\":[{\"@type\":\"SearchAction\",\"target\":{\"@type\":\"EntryPoint\",\"urlTemplate\":\"https:\\\/\\\/articmusica.com\\\/?s={search_term_string}\"},\"query-input\":{\"@type\":\"PropertyValueSpecification\",\"valueRequired\":true,\"valueName\":\"search_term_string\"}}],\"inLanguage\":\"en-US\"},{\"@type\":\"Person\",\"@id\":\"https:\\\/\\\/articmusica.com\\\/#\\\/schema\\\/person\\\/119ea4fcc1a1cdc1f582c9094e02721c\",\"name\":\"a86c26a8ed69\",\"image\":{\"@type\":\"ImageObject\",\"inLanguage\":\"en-US\",\"@id\":\"https:\\\/\\\/secure.gravatar.com\\\/avatar\\\/a7279f2092720db6a32022c8125adb5c62e7aeed91c39e99fb02dab11ab82a93?s=96&d=mm&r=g\",\"url\":\"https:\\\/\\\/secure.gravatar.com\\\/avatar\\\/a7279f2092720db6a32022c8125adb5c62e7aeed91c39e99fb02dab11ab82a93?s=96&d=mm&r=g\",\"contentUrl\":\"https:\\\/\\\/secure.gravatar.com\\\/avatar\\\/a7279f2092720db6a32022c8125adb5c62e7aeed91c39e99fb02dab11ab82a93?s=96&d=mm&r=g\",\"caption\":\"a86c26a8ed69\"},\"sameAs\":[\"https:\\\/\\\/articmusica.com\"],\"url\":\"https:\\\/\\\/articmusica.com\\\/en\\\/author\\\/a86c26a8ed69\\\/\"}]}<\/script>\n<!-- \/ Yoast SEO plugin. -->","yoast_head_json":{"title":"THE SEED - \u00c0rtic - School of Music","robots":{"index":"index","follow":"follow","max-snippet":"max-snippet:-1","max-image-preview":"max-image-preview:large","max-video-preview":"max-video-preview:-1"},"canonical":"https:\/\/articmusica.com\/en\/the-seed\/","og_locale":"en_US","og_type":"article","og_title":"LA LLAVOR - \u00c0rtic - Escola de M\u00fasica","og_description":"El proper dissabte dia 2 d\u2019abril els joves \u00c0rtics ens oferiran l\u2019espectacle La Llavor. Ser\u00e0 a les 19h a l\u2019Escola S\u00fanion. Us hi esperem! La Llavor \u00e9s la hist\u00f2ria musical del naixement d\u2019una petita llavor. Aquesta, desorientada, es troba davant un m\u00f3n que no ent\u00e9n i ha de trobar la for\u00e7a per aprendre, cr\u00e9ixer i [&hellip;]","og_url":"https:\/\/articmusica.com\/en\/the-seed\/","og_site_name":"\u00c0rtic - Escola de M\u00fasica","article_published_time":"2022-03-30T15:30:45+00:00","article_modified_time":"2026-02-25T21:35:01+00:00","og_image":[{"width":817,"height":1024,"url":"https:\/\/articmusica.com\/wp-content\/uploads\/2026\/02\/Artic_2-817x1024-1.jpg","type":"image\/jpeg"}],"author":"a86c26a8ed69","twitter_card":"summary_large_image","twitter_misc":{"Written by":"a86c26a8ed69","Est. reading time":"2 minutes"},"schema":{"@context":"https:\/\/schema.org","@graph":[{"@type":"Article","@id":"https:\/\/articmusica.com\/la-llavor\/#article","isPartOf":{"@id":"https:\/\/articmusica.com\/la-llavor\/"},"author":{"name":"a86c26a8ed69","@id":"https:\/\/articmusica.com\/#\/schema\/person\/119ea4fcc1a1cdc1f582c9094e02721c"},"headline":"LA LLAVOR","datePublished":"2022-03-30T15:30:45+00:00","dateModified":"2026-02-25T21:35:01+00:00","mainEntityOfPage":{"@id":"https:\/\/articmusica.com\/la-llavor\/"},"wordCount":233,"image":{"@id":"https:\/\/articmusica.com\/la-llavor\/#primaryimage"},"thumbnailUrl":"https:\/\/articmusica.com\/wp-content\/uploads\/2026\/02\/Artic_2-817x1024-1.jpg","articleSection":["\u00c0rtic"],"inLanguage":"en-US"},{"@type":"WebPage","@id":"https:\/\/articmusica.com\/la-llavor\/","url":"https:\/\/articmusica.com\/la-llavor\/","name":"THE SEED - \u00c0rtic - School of Music","isPartOf":{"@id":"https:\/\/articmusica.com\/#website"},"primaryImageOfPage":{"@id":"https:\/\/articmusica.com\/la-llavor\/#primaryimage"},"image":{"@id":"https:\/\/articmusica.com\/la-llavor\/#primaryimage"},"thumbnailUrl":"https:\/\/articmusica.com\/wp-content\/uploads\/2026\/02\/Artic_2-817x1024-1.jpg","datePublished":"2022-03-30T15:30:45+00:00","dateModified":"2026-02-25T21:35:01+00:00","author":{"@id":"https:\/\/articmusica.com\/#\/schema\/person\/119ea4fcc1a1cdc1f582c9094e02721c"},"breadcrumb":{"@id":"https:\/\/articmusica.com\/la-llavor\/#breadcrumb"},"inLanguage":"en-US","potentialAction":[{"@type":"ReadAction","target":["https:\/\/articmusica.com\/la-llavor\/"]}]},{"@type":"ImageObject","inLanguage":"en-US","@id":"https:\/\/articmusica.com\/la-llavor\/#primaryimage","url":"https:\/\/articmusica.com\/wp-content\/uploads\/2026\/02\/Artic_2-817x1024-1.jpg","contentUrl":"https:\/\/articmusica.com\/wp-content\/uploads\/2026\/02\/Artic_2-817x1024-1.jpg","width":817,"height":1024,"caption":"La llavor"},{"@type":"BreadcrumbList","@id":"https:\/\/articmusica.com\/la-llavor\/#breadcrumb","itemListElement":[{"@type":"ListItem","position":1,"name":"Inici","item":"https:\/\/articmusica.com\/"},{"@type":"ListItem","position":2,"name":"LA LLAVOR"}]},{"@type":"WebSite","@id":"https:\/\/articmusica.com\/#website","url":"https:\/\/articmusica.com\/","name":"\u00c0rtic - School of Music","description":"","potentialAction":[{"@type":"SearchAction","target":{"@type":"EntryPoint","urlTemplate":"https:\/\/articmusica.com\/?s={search_term_string}"},"query-input":{"@type":"PropertyValueSpecification","valueRequired":true,"valueName":"search_term_string"}}],"inLanguage":"en-US"},{"@type":"Person","@id":"https:\/\/articmusica.com\/#\/schema\/person\/119ea4fcc1a1cdc1f582c9094e02721c","name":"a86c26a8ed69","image":{"@type":"ImageObject","inLanguage":"en-US","@id":"https:\/\/secure.gravatar.com\/avatar\/a7279f2092720db6a32022c8125adb5c62e7aeed91c39e99fb02dab11ab82a93?s=96&d=mm&r=g","url":"https:\/\/secure.gravatar.com\/avatar\/a7279f2092720db6a32022c8125adb5c62e7aeed91c39e99fb02dab11ab82a93?s=96&d=mm&r=g","contentUrl":"https:\/\/secure.gravatar.com\/avatar\/a7279f2092720db6a32022c8125adb5c62e7aeed91c39e99fb02dab11ab82a93?s=96&d=mm&r=g","caption":"a86c26a8ed69"},"sameAs":["https:\/\/articmusica.com"],"url":"https:\/\/articmusica.com\/en\/author\/a86c26a8ed69\/"}]}},"_links":{"self":[{"href":"https:\/\/articmusica.com\/en\/wp-json\/wp\/v2\/posts\/430","targetHints":{"allow":["GET"]}}],"collection":[{"href":"https:\/\/articmusica.com\/en\/wp-json\/wp\/v2\/posts"}],"about":[{"href":"https:\/\/articmusica.com\/en\/wp-json\/wp\/v2\/types\/post"}],"author":[{"embeddable":true,"href":"https:\/\/articmusica.com\/en\/wp-json\/wp\/v2\/users\/1"}],"replies":[{"embeddable":true,"href":"https:\/\/articmusica.com\/en\/wp-json\/wp\/v2\/comments?post=430"}],"version-history":[{"count":1,"href":"https:\/\/articmusica.com\/en\/wp-json\/wp\/v2\/posts\/430\/revisions"}],"predecessor-version":[{"id":8314,"href":"https:\/\/articmusica.com\/en\/wp-json\/wp\/v2\/posts\/430\/revisions\/8314"}],"wp:featuredmedia":[{"embeddable":true,"href":"https:\/\/articmusica.com\/en\/wp-json\/wp\/v2\/media\/9346"}],"wp:attachment":[{"href":"https:\/\/articmusica.com\/en\/wp-json\/wp\/v2\/media?parent=430"}],"wp:term":[{"taxonomy":"category","embeddable":true,"href":"https:\/\/articmusica.com\/en\/wp-json\/wp\/v2\/categories?post=430"},{"taxonomy":"post_tag","embeddable":true,"href":"https:\/\/articmusica.com\/en\/wp-json\/wp\/v2\/tags?post=430"}],"curies":[{"name":"wp","href":"https:\/\/api.w.org\/{rel}","templated":true}]}}